{"id":863,"date":"2017-08-22T10:57:57","date_gmt":"2017-08-22T08:57:57","guid":{"rendered":"https:\/\/artif.com\/blog\/?p=863"},"modified":"2021-02-18T09:50:16","modified_gmt":"2021-02-18T08:50:16","slug":"juli-2017-alexander-fink","status":"publish","type":"post","link":"https:\/\/artif.com\/blog\/juli-2017-alexander-fink.html","title":{"rendered":"Juli 2017: Alexander Fink"},"content":{"rendered":"<h3><strong>Praktikum vom 26.06.2017 &#8211; 21.07.2017<\/strong><\/h3>\n<p lang=\"zxx\">Am morgen des 26.06. begann mein erster Praktikumstag. Herr Brus begr\u00fc\u00dfte mich freundlich und wir besprachen potentielle Aufgaben, die ich in der Dauer meines Praktikums bearbeiten k\u00f6nnte. Dabei wies er mich auf die Arbeit des vorherigen Praktikantens hin, dessen Aufgabe es war ein Erkl\u00e4r-Video zu erstellen. Wir einigten uns dass es im selben Sinne nun auch meine Aufgabenstellung sein sollte, ein Erkl\u00e4r-Video zu entwerfen. Die folgenden vier Wochen war ich damit besch\u00e4ftigt, dieses Projekt umzusetzen. Dabei sollte sich herausstellen, dass jede einzelne Woche eine ganz besondere Arbeitsanforderung besitzen w\u00fcrde.<\/p>\n<h4 lang=\"zxx\">Konzeption<\/h4>\n<p lang=\"zxx\">In der ersten Woche war ich damit besch\u00e4ftigt, ein passendes Thema zu recherchieren, ein Skript daf\u00fcr zu erstellen, und ein dazugeh\u00f6riges Storyboard zu entwerfen. Sie sollten die Grundlage f\u00fcr meine weitere Arbeit bilden. Hierbei war Herr Brus sehr involviert. Ich trug ihm meine Arbeit vor und wir einigten uns darauf, das Thema Suchmaschinen zu behandeln. Wir besprachen mein erstes draft des Skripts sowie meinen ersten Entwurf des Storyboards f\u00fcr dieses Thema. Die Verbesserungsvorschl\u00e4ge und Tips zur weiteren Vorgehensweise die mir Herr Brus hierbei r\u00fcckmeldete gliederte ich in meine Arbeit ein.<\/p>\n<h4 lang=\"zxx\">Vorbereitung<\/h4>\n<p lang=\"zxx\">Die zweite Woche verbrachte ich damit, die durch mein Storyboard erarbeiteten und f\u00fcr das sp\u00e4tere Video ben\u00f6tigten grafischen Elemente in Adobe Illustrator zu erstellen, das Skript auf eine Tonspur zu sprechen und arti, das Firmenmaskotchen, in Adobe Character Animator zu animieren. Frau Soltynska f\u00fchrte mich hierf\u00fcr erst einmal in Illustrator ein und zeigte mir die wichtigsten Tools, die f\u00fcr meine Arbeit bedeutend werden w\u00fcrden. Nachdem ich mich ein bisschen ausprobiert hatte, fing ich an die Elemente meines Storyboards in Illustrator nachzubauen. Mitte der Woche sprach ich das Skript auf eine Tonspur und verbrachte die restliche Zeit damit, Adobe Character Animator zu erkunden. Hier animierte ich arti das Firmenmaskotchen und erstellte die ben\u00f6tigten Lippenbewegungen.<\/p>\n<h4 lang=\"zxx\">Umsetzung<\/h4>\n<p lang=\"zxx\">In der dritten Woche war ich soweit, das Video selbst in Adobe After Effects zu erstellen. Hier kam meine komplette Vorarbeit zum tragen. Die Elemente aus Illustrator und die animierte arti Puppe galt es nun nach Vorgaben meines Storyboards zusammenzuf\u00fchren und ein sich bewegendes Bild zu erzeugen das harmonisch zur Tonspur verl\u00e4uft. Dabei merkte ich, dass ich einige Anpassungen in Illustrator und Character Animator vornehmen muss um das Verst\u00e4ndnispotential und Ansehnlichkeit des Videos zu verbessern.<\/p>\n<h4 lang=\"zxx\">Nachbereitung<\/h4>\n<p lang=\"zxx\">Am Anfang der vierten Woche war mein Video fertiggestellt und die weiteren Tage konnte ich nutzen, Kleinigkeiten zu \u00e4ndern und grafische Fehler die beim rendern des Videos auftauchten zu beheben. Hier k\u00f6nnt ihr nun das erste Video \u00fcber Suchmaschinen sehen:<\/p>\n<div style=\"width: 744px;\" class=\"wp-video\"><video class=\"wp-video-shortcode\" id=\"video-863-1\" width=\"744\" height=\"419\" preload=\"metadata\" controls=\"controls\"><source type=\"video\/mp4\" src=\"https:\/\/artif.com\/blog\/wp-content\/uploads\/2017\/08\/Suchmaschine.mp4?_=1\" \/><a href=\"https:\/\/artif.com\/blog\/wp-content\/uploads\/2017\/08\/Suchmaschine.mp4\">https:\/\/artif.com\/blog\/wp-content\/uploads\/2017\/08\/Suchmaschine.mp4<\/a><\/video><\/div>\n<p>&nbsp;<\/p>\n<p lang=\"zxx\">Der Prozess, ein Video zu erstellen, war neu f\u00fcr mich und mehr als einmal war es notwendig, umzudenken, mich neu zu orientieren und mein Verst\u00e4ndnis f\u00fcr den Arbeitsprozess anzupassen. Ich habe dabei jede Menge gelernt und sehe heute animierte Videos auf Youtube mit ganz anderen Augen als zuvor.<\/p>\n<p lang=\"zxx\">Die ganzen vier Wochen \u00fcber erhielt ich viel Hilfe und R\u00fcckmeldung von Herrn Brus und seinem Team und hatte gro\u00dfe Freiheiten, meine Arbeit selbstst\u00e4ndig zu gestalten. Es hat eine Menge Spass gemacht und ich bin dankbar, dass mir diese Gelegenheit gegeben wurde.<\/p>\n<p>&nbsp;<\/p>\n","protected":false},"excerpt":{"rendered":"<p>Praktikum vom 26.06.2017 &#8211; 21.07.2017 Am morgen des 26.06. begann mein erster Praktikumstag. Herr Brus begr\u00fc\u00dfte mich freundlich und wir besprachen potentielle Aufgaben, die ich in der Dauer meines Praktikums bearbeiten k\u00f6nnte. Dabei wies er mich auf die Arbeit des vorherigen Praktikantens hin, dessen Aufgabe es war ein Erkl\u00e4r-Video zu erstellen. Wir einigten uns dass&#8230;<\/p>\n<p><span class=\"hidden-desktop article_mobileCategory\"><a href=\"https:\/\/artif.com\/blog\/category\/praktikumsberichte\" title=\"Alle Artikel in Praktikumsberichte\"><span class=\"hidden-desktop articleCategory_icon icon-praktikumsberichte\"><\/span> Praktikumsberichte<\/a><\/span><a class=\"article_moreLink\" href=\"https:\/\/artif.com\/blog\/juli-2017-alexander-fink.html\" aria-label=\"Weiterlesen: Juli 2017: Alexander Fink\"><span class=\"icon icon-readmore\"><\/span> Weiterlesen<\/a><\/p>\n","protected":false},"author":4,"featured_media":908,"comment_status":"open","ping_status":"open","sticky":false,"template":"","format":"standard","meta":{"footnotes":""},"categories":[28],"tags":[66,43],"class_list":["post-863","post","type-post","status-publish","format-standard","has-post-thumbnail","hentry","category-praktikumsberichte","tag-praktikum","tag-seo"],"yoast_head":"<!-- This site is optimized with the Yoast SEO plugin v27.5 - https:\/\/yoast.com\/product\/yoast-seo-wordpress\/ -->\n<title>Juli 2017: Alexander Fink - Blog artif T\u00fcbingen<\/title>\n<meta name=\"robots\" content=\"index, follow, max-snippet:-1, max-image-preview:large, max-video-preview:-1\" \/>\n<link rel=\"canonical\" href=\"https:\/\/artif.com\/blog\/juli-2017-alexander-fink.html\" \/>\n<meta property=\"og:locale\" content=\"de_DE\" \/>\n<meta property=\"og:type\" content=\"article\" \/>\n<meta property=\"og:title\" content=\"Juli 2017: Alexander Fink - Blog artif T\u00fcbingen\" \/>\n<meta property=\"og:description\" content=\"Praktikum vom 26.06.2017 &#8211; 21.07.2017 Am morgen des 26.06. begann mein erster Praktikumstag. Herr Brus begr\u00fc\u00dfte mich freundlich und wir besprachen potentielle Aufgaben, die ich in der Dauer meines Praktikums bearbeiten k\u00f6nnte. Dabei wies er mich auf die Arbeit des vorherigen Praktikantens hin, dessen Aufgabe es war ein Erkl\u00e4r-Video zu erstellen. Wir einigten uns dass... Praktikumsberichte Weiterlesen\" \/>\n<meta property=\"og:url\" content=\"https:\/\/artif.com\/blog\/juli-2017-alexander-fink.html\" \/>\n<meta property=\"og:site_name\" content=\"Blog artif T\u00fcbingen\" \/>\n<meta property=\"article:publisher\" content=\"https:\/\/www.facebook.com\/pages\/TYPO3-Agentur-artif-Gmbh-Co-KG\/101490748200\" \/>\n<meta property=\"article:published_time\" content=\"2017-08-22T08:57:57+00:00\" \/>\n<meta property=\"article:modified_time\" content=\"2021-02-18T08:50:16+00:00\" \/>\n<meta property=\"og:image\" content=\"https:\/\/artif.com\/blog\/wp-content\/uploads\/2017\/11\/icon-praktikum-ausbildung.png\" \/>\n\t<meta property=\"og:image:width\" content=\"280\" \/>\n\t<meta property=\"og:image:height\" content=\"200\" \/>\n\t<meta property=\"og:image:type\" content=\"image\/png\" \/>\n<meta name=\"author\" content=\"Andreas Brus\" \/>\n<meta name=\"twitter:card\" content=\"summary_large_image\" \/>\n<meta name=\"twitter:creator\" content=\"@artifcom\" \/>\n<meta name=\"twitter:site\" content=\"@artifcom\" \/>\n<meta name=\"twitter:label1\" content=\"Verfasst von\" \/>\n\t<meta name=\"twitter:data1\" content=\"Andreas Brus\" \/>\n\t<meta name=\"twitter:label2\" content=\"Gesch\u00e4tzte Lesezeit\" \/>\n\t<meta name=\"twitter:data2\" content=\"3\u00a0Minuten\" \/>\n<script type=\"application\/ld+json\" class=\"yoast-schema-graph\">{\"@context\":\"https:\\\/\\\/schema.org\",\"@graph\":[{\"@type\":\"Article\",\"@id\":\"https:\\\/\\\/artif.com\\\/blog\\\/juli-2017-alexander-fink.html#article\",\"isPartOf\":{\"@id\":\"https:\\\/\\\/artif.com\\\/blog\\\/juli-2017-alexander-fink.html\"},\"author\":{\"name\":\"Andreas Brus\",\"@id\":\"https:\\\/\\\/artif.com\\\/blog\\\/#\\\/schema\\\/person\\\/23ac7b0aacd4a4c89b1961e28dd37c0a\"},\"headline\":\"Juli 2017: Alexander Fink\",\"datePublished\":\"2017-08-22T08:57:57+00:00\",\"dateModified\":\"2021-02-18T08:50:16+00:00\",\"mainEntityOfPage\":{\"@id\":\"https:\\\/\\\/artif.com\\\/blog\\\/juli-2017-alexander-fink.html\"},\"wordCount\":552,\"commentCount\":0,\"publisher\":{\"@id\":\"https:\\\/\\\/artif.com\\\/blog\\\/#organization\"},\"image\":{\"@id\":\"https:\\\/\\\/artif.com\\\/blog\\\/juli-2017-alexander-fink.html#primaryimage\"},\"thumbnailUrl\":\"https:\\\/\\\/artif.com\\\/blog\\\/wp-content\\\/uploads\\\/2017\\\/11\\\/icon-praktikum-ausbildung.png\",\"keywords\":[\"Praktikum\",\"SEO\"],\"articleSection\":[\"Praktikumsberichte\"],\"inLanguage\":\"de\",\"potentialAction\":[{\"@type\":\"CommentAction\",\"name\":\"Comment\",\"target\":[\"https:\\\/\\\/artif.com\\\/blog\\\/juli-2017-alexander-fink.html#respond\"]}]},{\"@type\":\"WebPage\",\"@id\":\"https:\\\/\\\/artif.com\\\/blog\\\/juli-2017-alexander-fink.html\",\"url\":\"https:\\\/\\\/artif.com\\\/blog\\\/juli-2017-alexander-fink.html\",\"name\":\"Juli 2017: Alexander Fink - Blog artif T\u00fcbingen\",\"isPartOf\":{\"@id\":\"https:\\\/\\\/artif.com\\\/blog\\\/#website\"},\"primaryImageOfPage\":{\"@id\":\"https:\\\/\\\/artif.com\\\/blog\\\/juli-2017-alexander-fink.html#primaryimage\"},\"image\":{\"@id\":\"https:\\\/\\\/artif.com\\\/blog\\\/juli-2017-alexander-fink.html#primaryimage\"},\"thumbnailUrl\":\"https:\\\/\\\/artif.com\\\/blog\\\/wp-content\\\/uploads\\\/2017\\\/11\\\/icon-praktikum-ausbildung.png\",\"datePublished\":\"2017-08-22T08:57:57+00:00\",\"dateModified\":\"2021-02-18T08:50:16+00:00\",\"breadcrumb\":{\"@id\":\"https:\\\/\\\/artif.com\\\/blog\\\/juli-2017-alexander-fink.html#breadcrumb\"},\"inLanguage\":\"de\",\"potentialAction\":[{\"@type\":\"ReadAction\",\"target\":[\"https:\\\/\\\/artif.com\\\/blog\\\/juli-2017-alexander-fink.html\"]}]},{\"@type\":\"ImageObject\",\"inLanguage\":\"de\",\"@id\":\"https:\\\/\\\/artif.com\\\/blog\\\/juli-2017-alexander-fink.html#primaryimage\",\"url\":\"https:\\\/\\\/artif.com\\\/blog\\\/wp-content\\\/uploads\\\/2017\\\/11\\\/icon-praktikum-ausbildung.png\",\"contentUrl\":\"https:\\\/\\\/artif.com\\\/blog\\\/wp-content\\\/uploads\\\/2017\\\/11\\\/icon-praktikum-ausbildung.png\",\"width\":280,\"height\":200},{\"@type\":\"BreadcrumbList\",\"@id\":\"https:\\\/\\\/artif.com\\\/blog\\\/juli-2017-alexander-fink.html#breadcrumb\",\"itemListElement\":[{\"@type\":\"ListItem\",\"position\":1,\"name\":\"Startseite\",\"item\":\"https:\\\/\\\/artif.com\\\/blog\"},{\"@type\":\"ListItem\",\"position\":2,\"name\":\"Juli 2017: Alexander Fink\"}]},{\"@type\":\"WebSite\",\"@id\":\"https:\\\/\\\/artif.com\\\/blog\\\/#website\",\"url\":\"https:\\\/\\\/artif.com\\\/blog\\\/\",\"name\":\"Blog artif T\u00fcbingen\",\"description\":\"Blog von artif aus T\u00fcbingen: Internetagentur, Webdesign und TYPO3 von den Web Experts f\u00fcr Internet und Intranet aus T\u00fcbingen.\",\"publisher\":{\"@id\":\"https:\\\/\\\/artif.com\\\/blog\\\/#organization\"},\"potentialAction\":[{\"@type\":\"SearchAction\",\"target\":{\"@type\":\"EntryPoint\",\"urlTemplate\":\"https:\\\/\\\/artif.com\\\/blog\\\/?s={search_term_string}\"},\"query-input\":{\"@type\":\"PropertyValueSpecification\",\"valueRequired\":true,\"valueName\":\"search_term_string\"}}],\"inLanguage\":\"de\"},{\"@type\":\"Organization\",\"@id\":\"https:\\\/\\\/artif.com\\\/blog\\\/#organization\",\"name\":\"artif T\u00fcbingen\",\"url\":\"https:\\\/\\\/artif.com\\\/blog\\\/\",\"logo\":{\"@type\":\"ImageObject\",\"inLanguage\":\"de\",\"@id\":\"https:\\\/\\\/artif.com\\\/blog\\\/#\\\/schema\\\/logo\\\/image\\\/\",\"url\":\"https:\\\/\\\/artif.com\\\/blog\\\/wp-content\\\/uploads\\\/2021\\\/03\\\/logo-artif-cs5_rgb.png\",\"contentUrl\":\"https:\\\/\\\/artif.com\\\/blog\\\/wp-content\\\/uploads\\\/2021\\\/03\\\/logo-artif-cs5_rgb.png\",\"width\":1902,\"height\":528,\"caption\":\"artif T\u00fcbingen\"},\"image\":{\"@id\":\"https:\\\/\\\/artif.com\\\/blog\\\/#\\\/schema\\\/logo\\\/image\\\/\"},\"sameAs\":[\"https:\\\/\\\/www.facebook.com\\\/pages\\\/TYPO3-Agentur-artif-Gmbh-Co-KG\\\/101490748200\",\"https:\\\/\\\/x.com\\\/artifcom\"]},{\"@type\":\"Person\",\"@id\":\"https:\\\/\\\/artif.com\\\/blog\\\/#\\\/schema\\\/person\\\/23ac7b0aacd4a4c89b1961e28dd37c0a\",\"name\":\"Andreas Brus\",\"image\":{\"@type\":\"ImageObject\",\"inLanguage\":\"de\",\"@id\":\"https:\\\/\\\/secure.gravatar.com\\\/avatar\\\/e1d9a4c933975d228f04533e41539195768e3917e60c27e2697f409c38d90d5f?s=96&d=identicon&r=g\",\"url\":\"https:\\\/\\\/secure.gravatar.com\\\/avatar\\\/e1d9a4c933975d228f04533e41539195768e3917e60c27e2697f409c38d90d5f?s=96&d=identicon&r=g\",\"contentUrl\":\"https:\\\/\\\/secure.gravatar.com\\\/avatar\\\/e1d9a4c933975d228f04533e41539195768e3917e60c27e2697f409c38d90d5f?s=96&d=identicon&r=g\",\"caption\":\"Andreas Brus\"},\"sameAs\":[\"https:\\\/\\\/artif.com\\\/\"]}]}<\/script>\n<!-- \/ Yoast SEO plugin. -->","yoast_head_json":{"title":"Juli 2017: Alexander Fink - Blog artif T\u00fcbingen","robots":{"index":"index","follow":"follow","max-snippet":"max-snippet:-1","max-image-preview":"max-image-preview:large","max-video-preview":"max-video-preview:-1"},"canonical":"https:\/\/artif.com\/blog\/juli-2017-alexander-fink.html","og_locale":"de_DE","og_type":"article","og_title":"Juli 2017: Alexander Fink - Blog artif T\u00fcbingen","og_description":"Praktikum vom 26.06.2017 &#8211; 21.07.2017 Am morgen des 26.06. begann mein erster Praktikumstag. Herr Brus begr\u00fc\u00dfte mich freundlich und wir besprachen potentielle Aufgaben, die ich in der Dauer meines Praktikums bearbeiten k\u00f6nnte. Dabei wies er mich auf die Arbeit des vorherigen Praktikantens hin, dessen Aufgabe es war ein Erkl\u00e4r-Video zu erstellen. Wir einigten uns dass... Praktikumsberichte Weiterlesen","og_url":"https:\/\/artif.com\/blog\/juli-2017-alexander-fink.html","og_site_name":"Blog artif T\u00fcbingen","article_publisher":"https:\/\/www.facebook.com\/pages\/TYPO3-Agentur-artif-Gmbh-Co-KG\/101490748200","article_published_time":"2017-08-22T08:57:57+00:00","article_modified_time":"2021-02-18T08:50:16+00:00","og_image":[{"width":280,"height":200,"url":"https:\/\/artif.com\/blog\/wp-content\/uploads\/2017\/11\/icon-praktikum-ausbildung.png","type":"image\/png"}],"author":"Andreas Brus","twitter_card":"summary_large_image","twitter_creator":"@artifcom","twitter_site":"@artifcom","twitter_misc":{"Verfasst von":"Andreas Brus","Gesch\u00e4tzte Lesezeit":"3\u00a0Minuten"},"schema":{"@context":"https:\/\/schema.org","@graph":[{"@type":"Article","@id":"https:\/\/artif.com\/blog\/juli-2017-alexander-fink.html#article","isPartOf":{"@id":"https:\/\/artif.com\/blog\/juli-2017-alexander-fink.html"},"author":{"name":"Andreas Brus","@id":"https:\/\/artif.com\/blog\/#\/schema\/person\/23ac7b0aacd4a4c89b1961e28dd37c0a"},"headline":"Juli 2017: Alexander Fink","datePublished":"2017-08-22T08:57:57+00:00","dateModified":"2021-02-18T08:50:16+00:00","mainEntityOfPage":{"@id":"https:\/\/artif.com\/blog\/juli-2017-alexander-fink.html"},"wordCount":552,"commentCount":0,"publisher":{"@id":"https:\/\/artif.com\/blog\/#organization"},"image":{"@id":"https:\/\/artif.com\/blog\/juli-2017-alexander-fink.html#primaryimage"},"thumbnailUrl":"https:\/\/artif.com\/blog\/wp-content\/uploads\/2017\/11\/icon-praktikum-ausbildung.png","keywords":["Praktikum","SEO"],"articleSection":["Praktikumsberichte"],"inLanguage":"de","potentialAction":[{"@type":"CommentAction","name":"Comment","target":["https:\/\/artif.com\/blog\/juli-2017-alexander-fink.html#respond"]}]},{"@type":"WebPage","@id":"https:\/\/artif.com\/blog\/juli-2017-alexander-fink.html","url":"https:\/\/artif.com\/blog\/juli-2017-alexander-fink.html","name":"Juli 2017: Alexander Fink - Blog artif T\u00fcbingen","isPartOf":{"@id":"https:\/\/artif.com\/blog\/#website"},"primaryImageOfPage":{"@id":"https:\/\/artif.com\/blog\/juli-2017-alexander-fink.html#primaryimage"},"image":{"@id":"https:\/\/artif.com\/blog\/juli-2017-alexander-fink.html#primaryimage"},"thumbnailUrl":"https:\/\/artif.com\/blog\/wp-content\/uploads\/2017\/11\/icon-praktikum-ausbildung.png","datePublished":"2017-08-22T08:57:57+00:00","dateModified":"2021-02-18T08:50:16+00:00","breadcrumb":{"@id":"https:\/\/artif.com\/blog\/juli-2017-alexander-fink.html#breadcrumb"},"inLanguage":"de","potentialAction":[{"@type":"ReadAction","target":["https:\/\/artif.com\/blog\/juli-2017-alexander-fink.html"]}]},{"@type":"ImageObject","inLanguage":"de","@id":"https:\/\/artif.com\/blog\/juli-2017-alexander-fink.html#primaryimage","url":"https:\/\/artif.com\/blog\/wp-content\/uploads\/2017\/11\/icon-praktikum-ausbildung.png","contentUrl":"https:\/\/artif.com\/blog\/wp-content\/uploads\/2017\/11\/icon-praktikum-ausbildung.png","width":280,"height":200},{"@type":"BreadcrumbList","@id":"https:\/\/artif.com\/blog\/juli-2017-alexander-fink.html#breadcrumb","itemListElement":[{"@type":"ListItem","position":1,"name":"Startseite","item":"https:\/\/artif.com\/blog"},{"@type":"ListItem","position":2,"name":"Juli 2017: Alexander Fink"}]},{"@type":"WebSite","@id":"https:\/\/artif.com\/blog\/#website","url":"https:\/\/artif.com\/blog\/","name":"Blog artif T\u00fcbingen","description":"Blog von artif aus T\u00fcbingen: Internetagentur, Webdesign und TYPO3 von den Web Experts f\u00fcr Internet und Intranet aus T\u00fcbingen.","publisher":{"@id":"https:\/\/artif.com\/blog\/#organization"},"potentialAction":[{"@type":"SearchAction","target":{"@type":"EntryPoint","urlTemplate":"https:\/\/artif.com\/blog\/?s={search_term_string}"},"query-input":{"@type":"PropertyValueSpecification","valueRequired":true,"valueName":"search_term_string"}}],"inLanguage":"de"},{"@type":"Organization","@id":"https:\/\/artif.com\/blog\/#organization","name":"artif T\u00fcbingen","url":"https:\/\/artif.com\/blog\/","logo":{"@type":"ImageObject","inLanguage":"de","@id":"https:\/\/artif.com\/blog\/#\/schema\/logo\/image\/","url":"https:\/\/artif.com\/blog\/wp-content\/uploads\/2021\/03\/logo-artif-cs5_rgb.png","contentUrl":"https:\/\/artif.com\/blog\/wp-content\/uploads\/2021\/03\/logo-artif-cs5_rgb.png","width":1902,"height":528,"caption":"artif T\u00fcbingen"},"image":{"@id":"https:\/\/artif.com\/blog\/#\/schema\/logo\/image\/"},"sameAs":["https:\/\/www.facebook.com\/pages\/TYPO3-Agentur-artif-Gmbh-Co-KG\/101490748200","https:\/\/x.com\/artifcom"]},{"@type":"Person","@id":"https:\/\/artif.com\/blog\/#\/schema\/person\/23ac7b0aacd4a4c89b1961e28dd37c0a","name":"Andreas Brus","image":{"@type":"ImageObject","inLanguage":"de","@id":"https:\/\/secure.gravatar.com\/avatar\/e1d9a4c933975d228f04533e41539195768e3917e60c27e2697f409c38d90d5f?s=96&d=identicon&r=g","url":"https:\/\/secure.gravatar.com\/avatar\/e1d9a4c933975d228f04533e41539195768e3917e60c27e2697f409c38d90d5f?s=96&d=identicon&r=g","contentUrl":"https:\/\/secure.gravatar.com\/avatar\/e1d9a4c933975d228f04533e41539195768e3917e60c27e2697f409c38d90d5f?s=96&d=identicon&r=g","caption":"Andreas Brus"},"sameAs":["https:\/\/artif.com\/"]}]}},"publishpress_future_action":{"enabled":false,"date":"2026-05-01 06:36:38","action":"change-status","newStatus":"draft","terms":[],"taxonomy":"category","extraData":[]},"publishpress_future_workflow_manual_trigger":{"enabledWorkflows":[]},"_links":{"self":[{"href":"https:\/\/artif.com\/blog\/wp-json\/wp\/v2\/posts\/863","targetHints":{"allow":["GET"]}}],"collection":[{"href":"https:\/\/artif.com\/blog\/wp-json\/wp\/v2\/posts"}],"about":[{"href":"https:\/\/artif.com\/blog\/wp-json\/wp\/v2\/types\/post"}],"author":[{"embeddable":true,"href":"https:\/\/artif.com\/blog\/wp-json\/wp\/v2\/users\/4"}],"replies":[{"embeddable":true,"href":"https:\/\/artif.com\/blog\/wp-json\/wp\/v2\/comments?post=863"}],"version-history":[{"count":15,"href":"https:\/\/artif.com\/blog\/wp-json\/wp\/v2\/posts\/863\/revisions"}],"predecessor-version":[{"id":878,"href":"https:\/\/artif.com\/blog\/wp-json\/wp\/v2\/posts\/863\/revisions\/878"}],"wp:featuredmedia":[{"embeddable":true,"href":"https:\/\/artif.com\/blog\/wp-json\/wp\/v2\/media\/908"}],"wp:attachment":[{"href":"https:\/\/artif.com\/blog\/wp-json\/wp\/v2\/media?parent=863"}],"wp:term":[{"taxonomy":"category","embeddable":true,"href":"https:\/\/artif.com\/blog\/wp-json\/wp\/v2\/categories?post=863"},{"taxonomy":"post_tag","embeddable":true,"href":"https:\/\/artif.com\/blog\/wp-json\/wp\/v2\/tags?post=863"}],"curies":[{"name":"wp","href":"https:\/\/api.w.org\/{rel}","templated":true}]}}