{"id":706,"date":"2017-04-03T09:49:35","date_gmt":"2017-04-03T07:49:35","guid":{"rendered":"https:\/\/artif.com\/blog\/?p=706"},"modified":"2021-08-17T09:21:58","modified_gmt":"2021-08-17T07:21:58","slug":"die-chroniken-von-rada-5-kapitel-kopie-an-mich-mit-powermail","status":"publish","type":"post","link":"https:\/\/artif.com\/blog\/die-chroniken-von-rada-5-kapitel-kopie-an-mich-mit-powermail.html","title":{"rendered":"Die Chroniken von Rada &#8212; 5. Kapitel &#8211; &#8222;Kopie an mich&#8220; mit powermail"},"content":{"rendered":"<figure id=\"attachment_711\" aria-describedby=\"caption-attachment-711\" style=\"width: 268px\" class=\"wp-caption alignleft\"><img loading=\"lazy\" decoding=\"async\" class=\"wp-image-711 \" src=\"https:\/\/artif.com\/blog\/wp-content\/uploads\/2017\/03\/powermail_icon.png\" alt=\"\" width=\"268\" height=\"268\" \/><figcaption id=\"caption-attachment-711\" class=\"wp-caption-text\">Quelle: https:\/\/docs.typo3.org\/typo3cms\/extensions\/powermail\/<\/figcaption><\/figure>\n<p>Moderne Webseiten nutzen eine Vielzahl verschiedener Formulare. Formulare helfen bei der Kontaktaufnahme, erm\u00f6glichen die Anforderung von Informationsmaterial, nehmen Bestellungen auf etc. Das Enterprise CMS TYPO3 liefert von Haus aus eine L\u00f6sung zur Entwicklung von Formularen. Wer m\u00f6glichst individuelle Formulare anbieten m\u00f6chte, sollte dennoch auf eine TYPO3-Extension zur\u00fcckgreifen, die wesentlich mehr Freiheiten l\u00e4sst. Unser Favorit ist eindeutig Powermail.<\/p>\n<p>Eine Anforderung, die Kunden h\u00e4ufig an uns stellen, ist eine M\u00f6glichkeit, die Nutzer w\u00e4hlen zu lassen, ob sie eine Kopie der eingegebenen Daten per E-Mail erhalten m\u00f6chten, also die klassische &#8222;Kopie an mich&#8220;. Das l\u00e4sst sich mit wenigen Zeilen TypoScript leicht einrichten.<\/p>\n<p>Powermail senden eingegebene Daten standardm\u00e4\u00dfig an den Empf\u00e4nger und an den Nutzer des Formulars. Um die &#8222;Kopie an mich&#8220; optional ausw\u00e4hlbar zu machen, muss das Standardverhalten zun\u00e4chst deaktiviert werden.<\/p>\n<blockquote><p>plugin.tx_powermail.settings.setup.sender.enable = 0<\/p><\/blockquote>\n<p>Das Formular wird mit einer Checkbox, nennen wir sie &#8222;mailme&#8220; mit value=yes, ausgestattet. Im TypoScript-Setup k\u00f6nnen wir nun anhand einer Condition pr\u00fcfen, ob die Checkbox aktiviert ist und somit die E-Mail an den Nutzer gesendet werden soll.<\/p>\n<blockquote><p>[globalString = GP:tx_powermail_pi1|field|mailme|0 = yes]<br \/>\nplugin.tx_powermail.settings.setup.sender.enable = 1<br \/>\n[end]<\/p><\/blockquote>\n<p>Mit diesen 4 Zeilen TypoScript l\u00e4sst die optionale &#8222;Kopie an mich&#8220;\u00a0 also sehr einfach umsetzen. Allerdings muss man ber\u00fccksichtigen, dass sich die Konfiguration alle powermail Formulare bezieht. M\u00f6chte man die den powermail-Standard nur auf einer Seite \u00e4ndern, muss man das TypoScript auf diese eine Seite beschr\u00e4nken.<\/p>\n<p>Vor kurzen hatten wir jedoch eine Aufgabe, die sich nicht so einfach l\u00f6sen lies. Ein Kunde bietet auf seiner Website ein Kontaktformular an, das auf jeder Seite eingebunden ist. Dieses Kontaktformular soll die optionale &#8222;Kopie an mich&#8220; anbieten. Gleichzeitig gibt es eine Vielzahl weiterer Formulare f\u00fcr verschiedene Zwecke, bei denen der powermail-Standard angewendet werden soll. Die einfache TypoScript-L\u00f6sung ist in diesem Fall also nicht anwendbar. Wir haben uns eine andere L\u00f6sung \u00fcberlegt, die seit dem erfolgreich und zuverl\u00e4ssig funktioniert.<\/p>\n<p>Dem Kontaktformular haben wir um ein verstecktes Feld hinzugef\u00fcgt.<\/p>\n<blockquote><p>&lt;input class=&#8220;powermail_hidden&#8220; id=&#8220;powermail_field_iscontact&#8220; name=&#8220;tx_powermail_pi1[field][iscontact]&#8220; value=&#8220;1&#8243; type=&#8220;hidden&#8220;&gt;<\/p><\/blockquote>\n<p>Anhand dieses Feldes k\u00f6nnen wir den powermail-Standard mit Hilfe einer TypoScript-Condition \u00fcberschreiben und den Versand der E-Mail an den Nutzer zun\u00e4chst deaktivieren.<\/p>\n<blockquote><p>[globalString = GP:tx_powermail_pi1|field|iscontact = 1]<br \/>\nplugin.tx_powermail.settings.setup.sender.enable = 0<br \/>\n&#8230;<\/p><\/blockquote>\n<p>Wurde zus\u00e4tzlich die Checkbox &#8222;Kopie an mich&#8220; ausgew\u00e4hlt, wird der Mailversand wieder aktiviert.<\/p>\n<blockquote><p>&#8230;<br \/>\n[globalString = GP:tx_powermail_pi1|field|iscontact = 1] &amp;&amp; [globalString = GP:tx_powermail_pi1|field|mailme|0 = yes]<br \/>\nplugin.tx_powermail.settings.setup.sender.enable = 1<br \/>\n[global]<\/p><\/blockquote>\n<p>Durch die Einf\u00fchrung des versteckten Feldes haben wir die Bedingung zum \u00dcberschreiben des powermail-Standards mit dem verwendeten Formular verkn\u00fcpft. Damit k\u00f6nnen wir Formular mit verschiedenen Konfigurationen f\u00fcr den Mailversand an den Nutzer auf einer Seite kombinieren. Zus\u00e4tzlich h\u00e4ngt die Konfiguration nicht mehr von dem Bereich der Website ab, auf den das TypoScript-Setup angewendet wird. Sehr schick. \ud83d\ude42<\/p>\n<p><a title=\"Individuelle Formulare mit powermail f\u00fcr TYPO3\" href=\"https:\/\/artif.com\/fussnote\/kontakt.html\">Wenn auch Sie individuelle Anforderungen an Ihre Formulare haben, freuen wir uns \u00fcber Ihre Anfrage!<\/a><\/p>\n","protected":false},"excerpt":{"rendered":"<p>Moderne Webseiten nutzen eine Vielzahl verschiedener Formulare. Formulare helfen bei der Kontaktaufnahme, erm\u00f6glichen die Anforderung von Informationsmaterial, nehmen Bestellungen auf etc. Das Enterprise CMS TYPO3 liefert von Haus aus eine L\u00f6sung zur Entwicklung von Formularen. Wer m\u00f6glichst individuelle Formulare anbieten m\u00f6chte, sollte dennoch auf eine TYPO3-Extension zur\u00fcckgreifen, die wesentlich mehr Freiheiten l\u00e4sst. Unser Favorit ist&#8230;<\/p>\n<p><span class=\"hidden-desktop article_mobileCategory\"><a href=\"https:\/\/artif.com\/blog\/category\/allgemein\" title=\"Alle Artikel in Allgemein\"><span class=\"hidden-desktop articleCategory_icon icon-allgemein\"><\/span> Allgemein<\/a><\/span><a class=\"article_moreLink\" href=\"https:\/\/artif.com\/blog\/die-chroniken-von-rada-5-kapitel-kopie-an-mich-mit-powermail.html\" aria-label=\"Weiterlesen: Die Chroniken von Rada &#8212; 5. Kapitel &#8211; &#8222;Kopie an mich&#8220; mit powermail\"><span class=\"icon icon-readmore\"><\/span> Weiterlesen<\/a><\/p>\n","protected":false},"author":4,"featured_media":0,"comment_status":"open","ping_status":"open","sticky":false,"template":"","format":"standard","meta":{"footnotes":""},"categories":[1],"tags":[],"class_list":["post-706","post","type-post","status-publish","format-standard","hentry","category-allgemein"],"yoast_head":"<!-- This site is optimized with the Yoast SEO plugin v27.5 - https:\/\/yoast.com\/product\/yoast-seo-wordpress\/ -->\n<title>Die Chroniken von Rada - 5. Kapitel - &quot;Kopie an mich&quot; mit powermail - Blog artif T\u00fcbingen<\/title>\n<meta name=\"robots\" content=\"index, follow, max-snippet:-1, max-image-preview:large, max-video-preview:-1\" \/>\n<link rel=\"canonical\" href=\"https:\/\/artif.com\/blog\/die-chroniken-von-rada-5-kapitel-kopie-an-mich-mit-powermail.html\" \/>\n<meta property=\"og:locale\" content=\"de_DE\" \/>\n<meta property=\"og:type\" content=\"article\" \/>\n<meta property=\"og:title\" content=\"Die Chroniken von Rada - 5. Kapitel - &quot;Kopie an mich&quot; mit powermail - Blog artif T\u00fcbingen\" \/>\n<meta property=\"og:description\" content=\"Moderne Webseiten nutzen eine Vielzahl verschiedener Formulare. Formulare helfen bei der Kontaktaufnahme, erm\u00f6glichen die Anforderung von Informationsmaterial, nehmen Bestellungen auf etc. Das Enterprise CMS TYPO3 liefert von Haus aus eine L\u00f6sung zur Entwicklung von Formularen. Wer m\u00f6glichst individuelle Formulare anbieten m\u00f6chte, sollte dennoch auf eine TYPO3-Extension zur\u00fcckgreifen, die wesentlich mehr Freiheiten l\u00e4sst. Unser Favorit ist... Allgemein Weiterlesen\" \/>\n<meta property=\"og:url\" content=\"https:\/\/artif.com\/blog\/die-chroniken-von-rada-5-kapitel-kopie-an-mich-mit-powermail.html\" \/>\n<meta property=\"og:site_name\" content=\"Blog artif T\u00fcbingen\" \/>\n<meta property=\"article:publisher\" content=\"https:\/\/www.facebook.com\/pages\/TYPO3-Agentur-artif-Gmbh-Co-KG\/101490748200\" \/>\n<meta property=\"article:published_time\" content=\"2017-04-03T07:49:35+00:00\" \/>\n<meta property=\"article:modified_time\" content=\"2021-08-17T07:21:58+00:00\" \/>\n<meta property=\"og:image\" content=\"https:\/\/artif.com\/blog\/wp-content\/uploads\/2017\/03\/powermail_icon.png\" \/>\n<meta name=\"author\" content=\"Andreas Brus\" \/>\n<meta name=\"twitter:card\" content=\"summary_large_image\" \/>\n<meta name=\"twitter:creator\" content=\"@artifcom\" \/>\n<meta name=\"twitter:site\" content=\"@artifcom\" \/>\n<meta name=\"twitter:label1\" content=\"Verfasst von\" \/>\n\t<meta name=\"twitter:data1\" content=\"Andreas Brus\" \/>\n\t<meta name=\"twitter:label2\" content=\"Gesch\u00e4tzte Lesezeit\" \/>\n\t<meta name=\"twitter:data2\" content=\"3\u00a0Minuten\" \/>\n<script type=\"application\/ld+json\" class=\"yoast-schema-graph\">{\"@context\":\"https:\\\/\\\/schema.org\",\"@graph\":[{\"@type\":\"Article\",\"@id\":\"https:\\\/\\\/artif.com\\\/blog\\\/die-chroniken-von-rada-5-kapitel-kopie-an-mich-mit-powermail.html#article\",\"isPartOf\":{\"@id\":\"https:\\\/\\\/artif.com\\\/blog\\\/die-chroniken-von-rada-5-kapitel-kopie-an-mich-mit-powermail.html\"},\"author\":{\"name\":\"Andreas Brus\",\"@id\":\"https:\\\/\\\/artif.com\\\/blog\\\/#\\\/schema\\\/person\\\/23ac7b0aacd4a4c89b1961e28dd37c0a\"},\"headline\":\"Die Chroniken von Rada &#8212; 5. Kapitel &#8211; &#8222;Kopie an mich&#8220; mit powermail\",\"datePublished\":\"2017-04-03T07:49:35+00:00\",\"dateModified\":\"2021-08-17T07:21:58+00:00\",\"mainEntityOfPage\":{\"@id\":\"https:\\\/\\\/artif.com\\\/blog\\\/die-chroniken-von-rada-5-kapitel-kopie-an-mich-mit-powermail.html\"},\"wordCount\":553,\"commentCount\":0,\"publisher\":{\"@id\":\"https:\\\/\\\/artif.com\\\/blog\\\/#organization\"},\"image\":{\"@id\":\"https:\\\/\\\/artif.com\\\/blog\\\/die-chroniken-von-rada-5-kapitel-kopie-an-mich-mit-powermail.html#primaryimage\"},\"thumbnailUrl\":\"https:\\\/\\\/artif.com\\\/blog\\\/wp-content\\\/uploads\\\/2017\\\/03\\\/powermail_icon.png\",\"inLanguage\":\"de\",\"potentialAction\":[{\"@type\":\"CommentAction\",\"name\":\"Comment\",\"target\":[\"https:\\\/\\\/artif.com\\\/blog\\\/die-chroniken-von-rada-5-kapitel-kopie-an-mich-mit-powermail.html#respond\"]}]},{\"@type\":\"WebPage\",\"@id\":\"https:\\\/\\\/artif.com\\\/blog\\\/die-chroniken-von-rada-5-kapitel-kopie-an-mich-mit-powermail.html\",\"url\":\"https:\\\/\\\/artif.com\\\/blog\\\/die-chroniken-von-rada-5-kapitel-kopie-an-mich-mit-powermail.html\",\"name\":\"Die Chroniken von Rada - 5. Kapitel - \\\"Kopie an mich\\\" mit powermail - Blog artif T\u00fcbingen\",\"isPartOf\":{\"@id\":\"https:\\\/\\\/artif.com\\\/blog\\\/#website\"},\"primaryImageOfPage\":{\"@id\":\"https:\\\/\\\/artif.com\\\/blog\\\/die-chroniken-von-rada-5-kapitel-kopie-an-mich-mit-powermail.html#primaryimage\"},\"image\":{\"@id\":\"https:\\\/\\\/artif.com\\\/blog\\\/die-chroniken-von-rada-5-kapitel-kopie-an-mich-mit-powermail.html#primaryimage\"},\"thumbnailUrl\":\"https:\\\/\\\/artif.com\\\/blog\\\/wp-content\\\/uploads\\\/2017\\\/03\\\/powermail_icon.png\",\"datePublished\":\"2017-04-03T07:49:35+00:00\",\"dateModified\":\"2021-08-17T07:21:58+00:00\",\"breadcrumb\":{\"@id\":\"https:\\\/\\\/artif.com\\\/blog\\\/die-chroniken-von-rada-5-kapitel-kopie-an-mich-mit-powermail.html#breadcrumb\"},\"inLanguage\":\"de\",\"potentialAction\":[{\"@type\":\"ReadAction\",\"target\":[\"https:\\\/\\\/artif.com\\\/blog\\\/die-chroniken-von-rada-5-kapitel-kopie-an-mich-mit-powermail.html\"]}]},{\"@type\":\"ImageObject\",\"inLanguage\":\"de\",\"@id\":\"https:\\\/\\\/artif.com\\\/blog\\\/die-chroniken-von-rada-5-kapitel-kopie-an-mich-mit-powermail.html#primaryimage\",\"url\":\"https:\\\/\\\/artif.com\\\/blog\\\/wp-content\\\/uploads\\\/2017\\\/03\\\/powermail_icon.png\",\"contentUrl\":\"https:\\\/\\\/artif.com\\\/blog\\\/wp-content\\\/uploads\\\/2017\\\/03\\\/powermail_icon.png\",\"width\":273,\"height\":273},{\"@type\":\"BreadcrumbList\",\"@id\":\"https:\\\/\\\/artif.com\\\/blog\\\/die-chroniken-von-rada-5-kapitel-kopie-an-mich-mit-powermail.html#breadcrumb\",\"itemListElement\":[{\"@type\":\"ListItem\",\"position\":1,\"name\":\"Startseite\",\"item\":\"https:\\\/\\\/artif.com\\\/blog\"},{\"@type\":\"ListItem\",\"position\":2,\"name\":\"Die Chroniken von Rada &#8212; 5. Kapitel &#8211; &#8222;Kopie an mich&#8220; mit powermail\"}]},{\"@type\":\"WebSite\",\"@id\":\"https:\\\/\\\/artif.com\\\/blog\\\/#website\",\"url\":\"https:\\\/\\\/artif.com\\\/blog\\\/\",\"name\":\"Blog artif T\u00fcbingen\",\"description\":\"Blog von artif aus T\u00fcbingen: Internetagentur, Webdesign und TYPO3 von den Web Experts f\u00fcr Internet und Intranet aus T\u00fcbingen.\",\"publisher\":{\"@id\":\"https:\\\/\\\/artif.com\\\/blog\\\/#organization\"},\"potentialAction\":[{\"@type\":\"SearchAction\",\"target\":{\"@type\":\"EntryPoint\",\"urlTemplate\":\"https:\\\/\\\/artif.com\\\/blog\\\/?s={search_term_string}\"},\"query-input\":{\"@type\":\"PropertyValueSpecification\",\"valueRequired\":true,\"valueName\":\"search_term_string\"}}],\"inLanguage\":\"de\"},{\"@type\":\"Organization\",\"@id\":\"https:\\\/\\\/artif.com\\\/blog\\\/#organization\",\"name\":\"artif T\u00fcbingen\",\"url\":\"https:\\\/\\\/artif.com\\\/blog\\\/\",\"logo\":{\"@type\":\"ImageObject\",\"inLanguage\":\"de\",\"@id\":\"https:\\\/\\\/artif.com\\\/blog\\\/#\\\/schema\\\/logo\\\/image\\\/\",\"url\":\"https:\\\/\\\/artif.com\\\/blog\\\/wp-content\\\/uploads\\\/2021\\\/03\\\/logo-artif-cs5_rgb.png\",\"contentUrl\":\"https:\\\/\\\/artif.com\\\/blog\\\/wp-content\\\/uploads\\\/2021\\\/03\\\/logo-artif-cs5_rgb.png\",\"width\":1902,\"height\":528,\"caption\":\"artif T\u00fcbingen\"},\"image\":{\"@id\":\"https:\\\/\\\/artif.com\\\/blog\\\/#\\\/schema\\\/logo\\\/image\\\/\"},\"sameAs\":[\"https:\\\/\\\/www.facebook.com\\\/pages\\\/TYPO3-Agentur-artif-Gmbh-Co-KG\\\/101490748200\",\"https:\\\/\\\/x.com\\\/artifcom\"]},{\"@type\":\"Person\",\"@id\":\"https:\\\/\\\/artif.com\\\/blog\\\/#\\\/schema\\\/person\\\/23ac7b0aacd4a4c89b1961e28dd37c0a\",\"name\":\"Andreas Brus\",\"image\":{\"@type\":\"ImageObject\",\"inLanguage\":\"de\",\"@id\":\"https:\\\/\\\/secure.gravatar.com\\\/avatar\\\/e1d9a4c933975d228f04533e41539195768e3917e60c27e2697f409c38d90d5f?s=96&d=identicon&r=g\",\"url\":\"https:\\\/\\\/secure.gravatar.com\\\/avatar\\\/e1d9a4c933975d228f04533e41539195768e3917e60c27e2697f409c38d90d5f?s=96&d=identicon&r=g\",\"contentUrl\":\"https:\\\/\\\/secure.gravatar.com\\\/avatar\\\/e1d9a4c933975d228f04533e41539195768e3917e60c27e2697f409c38d90d5f?s=96&d=identicon&r=g\",\"caption\":\"Andreas Brus\"},\"sameAs\":[\"https:\\\/\\\/artif.com\\\/\"]}]}<\/script>\n<!-- \/ Yoast SEO plugin. -->","yoast_head_json":{"title":"Die Chroniken von Rada - 5. Kapitel - \"Kopie an mich\" mit powermail - Blog artif T\u00fcbingen","robots":{"index":"index","follow":"follow","max-snippet":"max-snippet:-1","max-image-preview":"max-image-preview:large","max-video-preview":"max-video-preview:-1"},"canonical":"https:\/\/artif.com\/blog\/die-chroniken-von-rada-5-kapitel-kopie-an-mich-mit-powermail.html","og_locale":"de_DE","og_type":"article","og_title":"Die Chroniken von Rada - 5. Kapitel - \"Kopie an mich\" mit powermail - Blog artif T\u00fcbingen","og_description":"Moderne Webseiten nutzen eine Vielzahl verschiedener Formulare. Formulare helfen bei der Kontaktaufnahme, erm\u00f6glichen die Anforderung von Informationsmaterial, nehmen Bestellungen auf etc. Das Enterprise CMS TYPO3 liefert von Haus aus eine L\u00f6sung zur Entwicklung von Formularen. Wer m\u00f6glichst individuelle Formulare anbieten m\u00f6chte, sollte dennoch auf eine TYPO3-Extension zur\u00fcckgreifen, die wesentlich mehr Freiheiten l\u00e4sst. Unser Favorit ist... Allgemein Weiterlesen","og_url":"https:\/\/artif.com\/blog\/die-chroniken-von-rada-5-kapitel-kopie-an-mich-mit-powermail.html","og_site_name":"Blog artif T\u00fcbingen","article_publisher":"https:\/\/www.facebook.com\/pages\/TYPO3-Agentur-artif-Gmbh-Co-KG\/101490748200","article_published_time":"2017-04-03T07:49:35+00:00","article_modified_time":"2021-08-17T07:21:58+00:00","og_image":[{"url":"https:\/\/artif.com\/blog\/wp-content\/uploads\/2017\/03\/powermail_icon.png","type":"","width":"","height":""}],"author":"Andreas Brus","twitter_card":"summary_large_image","twitter_creator":"@artifcom","twitter_site":"@artifcom","twitter_misc":{"Verfasst von":"Andreas Brus","Gesch\u00e4tzte Lesezeit":"3\u00a0Minuten"},"schema":{"@context":"https:\/\/schema.org","@graph":[{"@type":"Article","@id":"https:\/\/artif.com\/blog\/die-chroniken-von-rada-5-kapitel-kopie-an-mich-mit-powermail.html#article","isPartOf":{"@id":"https:\/\/artif.com\/blog\/die-chroniken-von-rada-5-kapitel-kopie-an-mich-mit-powermail.html"},"author":{"name":"Andreas Brus","@id":"https:\/\/artif.com\/blog\/#\/schema\/person\/23ac7b0aacd4a4c89b1961e28dd37c0a"},"headline":"Die Chroniken von Rada &#8212; 5. Kapitel &#8211; &#8222;Kopie an mich&#8220; mit powermail","datePublished":"2017-04-03T07:49:35+00:00","dateModified":"2021-08-17T07:21:58+00:00","mainEntityOfPage":{"@id":"https:\/\/artif.com\/blog\/die-chroniken-von-rada-5-kapitel-kopie-an-mich-mit-powermail.html"},"wordCount":553,"commentCount":0,"publisher":{"@id":"https:\/\/artif.com\/blog\/#organization"},"image":{"@id":"https:\/\/artif.com\/blog\/die-chroniken-von-rada-5-kapitel-kopie-an-mich-mit-powermail.html#primaryimage"},"thumbnailUrl":"https:\/\/artif.com\/blog\/wp-content\/uploads\/2017\/03\/powermail_icon.png","inLanguage":"de","potentialAction":[{"@type":"CommentAction","name":"Comment","target":["https:\/\/artif.com\/blog\/die-chroniken-von-rada-5-kapitel-kopie-an-mich-mit-powermail.html#respond"]}]},{"@type":"WebPage","@id":"https:\/\/artif.com\/blog\/die-chroniken-von-rada-5-kapitel-kopie-an-mich-mit-powermail.html","url":"https:\/\/artif.com\/blog\/die-chroniken-von-rada-5-kapitel-kopie-an-mich-mit-powermail.html","name":"Die Chroniken von Rada - 5. Kapitel - \"Kopie an mich\" mit powermail - Blog artif T\u00fcbingen","isPartOf":{"@id":"https:\/\/artif.com\/blog\/#website"},"primaryImageOfPage":{"@id":"https:\/\/artif.com\/blog\/die-chroniken-von-rada-5-kapitel-kopie-an-mich-mit-powermail.html#primaryimage"},"image":{"@id":"https:\/\/artif.com\/blog\/die-chroniken-von-rada-5-kapitel-kopie-an-mich-mit-powermail.html#primaryimage"},"thumbnailUrl":"https:\/\/artif.com\/blog\/wp-content\/uploads\/2017\/03\/powermail_icon.png","datePublished":"2017-04-03T07:49:35+00:00","dateModified":"2021-08-17T07:21:58+00:00","breadcrumb":{"@id":"https:\/\/artif.com\/blog\/die-chroniken-von-rada-5-kapitel-kopie-an-mich-mit-powermail.html#breadcrumb"},"inLanguage":"de","potentialAction":[{"@type":"ReadAction","target":["https:\/\/artif.com\/blog\/die-chroniken-von-rada-5-kapitel-kopie-an-mich-mit-powermail.html"]}]},{"@type":"ImageObject","inLanguage":"de","@id":"https:\/\/artif.com\/blog\/die-chroniken-von-rada-5-kapitel-kopie-an-mich-mit-powermail.html#primaryimage","url":"https:\/\/artif.com\/blog\/wp-content\/uploads\/2017\/03\/powermail_icon.png","contentUrl":"https:\/\/artif.com\/blog\/wp-content\/uploads\/2017\/03\/powermail_icon.png","width":273,"height":273},{"@type":"BreadcrumbList","@id":"https:\/\/artif.com\/blog\/die-chroniken-von-rada-5-kapitel-kopie-an-mich-mit-powermail.html#breadcrumb","itemListElement":[{"@type":"ListItem","position":1,"name":"Startseite","item":"https:\/\/artif.com\/blog"},{"@type":"ListItem","position":2,"name":"Die Chroniken von Rada &#8212; 5. Kapitel &#8211; &#8222;Kopie an mich&#8220; mit powermail"}]},{"@type":"WebSite","@id":"https:\/\/artif.com\/blog\/#website","url":"https:\/\/artif.com\/blog\/","name":"Blog artif T\u00fcbingen","description":"Blog von artif aus T\u00fcbingen: Internetagentur, Webdesign und TYPO3 von den Web Experts f\u00fcr Internet und Intranet aus T\u00fcbingen.","publisher":{"@id":"https:\/\/artif.com\/blog\/#organization"},"potentialAction":[{"@type":"SearchAction","target":{"@type":"EntryPoint","urlTemplate":"https:\/\/artif.com\/blog\/?s={search_term_string}"},"query-input":{"@type":"PropertyValueSpecification","valueRequired":true,"valueName":"search_term_string"}}],"inLanguage":"de"},{"@type":"Organization","@id":"https:\/\/artif.com\/blog\/#organization","name":"artif T\u00fcbingen","url":"https:\/\/artif.com\/blog\/","logo":{"@type":"ImageObject","inLanguage":"de","@id":"https:\/\/artif.com\/blog\/#\/schema\/logo\/image\/","url":"https:\/\/artif.com\/blog\/wp-content\/uploads\/2021\/03\/logo-artif-cs5_rgb.png","contentUrl":"https:\/\/artif.com\/blog\/wp-content\/uploads\/2021\/03\/logo-artif-cs5_rgb.png","width":1902,"height":528,"caption":"artif T\u00fcbingen"},"image":{"@id":"https:\/\/artif.com\/blog\/#\/schema\/logo\/image\/"},"sameAs":["https:\/\/www.facebook.com\/pages\/TYPO3-Agentur-artif-Gmbh-Co-KG\/101490748200","https:\/\/x.com\/artifcom"]},{"@type":"Person","@id":"https:\/\/artif.com\/blog\/#\/schema\/person\/23ac7b0aacd4a4c89b1961e28dd37c0a","name":"Andreas Brus","image":{"@type":"ImageObject","inLanguage":"de","@id":"https:\/\/secure.gravatar.com\/avatar\/e1d9a4c933975d228f04533e41539195768e3917e60c27e2697f409c38d90d5f?s=96&d=identicon&r=g","url":"https:\/\/secure.gravatar.com\/avatar\/e1d9a4c933975d228f04533e41539195768e3917e60c27e2697f409c38d90d5f?s=96&d=identicon&r=g","contentUrl":"https:\/\/secure.gravatar.com\/avatar\/e1d9a4c933975d228f04533e41539195768e3917e60c27e2697f409c38d90d5f?s=96&d=identicon&r=g","caption":"Andreas Brus"},"sameAs":["https:\/\/artif.com\/"]}]}},"publishpress_future_action":{"enabled":false,"date":"2026-05-01 19:33:42","action":"change-status","newStatus":"draft","terms":[],"taxonomy":"category","extraData":[]},"publishpress_future_workflow_manual_trigger":{"enabledWorkflows":[]},"_links":{"self":[{"href":"https:\/\/artif.com\/blog\/wp-json\/wp\/v2\/posts\/706","targetHints":{"allow":["GET"]}}],"collection":[{"href":"https:\/\/artif.com\/blog\/wp-json\/wp\/v2\/posts"}],"about":[{"href":"https:\/\/artif.com\/blog\/wp-json\/wp\/v2\/types\/post"}],"author":[{"embeddable":true,"href":"https:\/\/artif.com\/blog\/wp-json\/wp\/v2\/users\/4"}],"replies":[{"embeddable":true,"href":"https:\/\/artif.com\/blog\/wp-json\/wp\/v2\/comments?post=706"}],"version-history":[{"count":18,"href":"https:\/\/artif.com\/blog\/wp-json\/wp\/v2\/posts\/706\/revisions"}],"predecessor-version":[{"id":2124,"href":"https:\/\/artif.com\/blog\/wp-json\/wp\/v2\/posts\/706\/revisions\/2124"}],"wp:attachment":[{"href":"https:\/\/artif.com\/blog\/wp-json\/wp\/v2\/media?parent=706"}],"wp:term":[{"taxonomy":"category","embeddable":true,"href":"https:\/\/artif.com\/blog\/wp-json\/wp\/v2\/categories?post=706"},{"taxonomy":"post_tag","embeddable":true,"href":"https:\/\/artif.com\/blog\/wp-json\/wp\/v2\/tags?post=706"}],"curies":[{"name":"wp","href":"https:\/\/api.w.org\/{rel}","templated":true}]}}