{"id":542,"date":"2016-10-05T18:37:09","date_gmt":"2016-10-05T16:37:09","guid":{"rendered":"https:\/\/artif.com\/blog\/?p=542"},"modified":"2021-06-25T10:42:48","modified_gmt":"2021-06-25T08:42:48","slug":"die-chroniken-von-rada-1-kapitel","status":"publish","type":"post","link":"https:\/\/artif.com\/blog\/die-chroniken-von-rada-1-kapitel.html","title":{"rendered":"Die Chroniken von Rada &#8211; 1. Kapitel"},"content":{"rendered":"<p>Mein Praktikum hat am 12. September 2016 angefangen. Am ersten Tag wurde ich herzlich empfangen und&nbsp; dem ganzen Team vorgestellt. Danach hat mir Jan eine Einf\u00fchrung in verschiedene Systemen, wie das eigene Intranet und das Projektmanagement gegeben.<\/p>\n<p><img loading=\"lazy\" decoding=\"async\" class=\" wp-image-557 alignleft\" src=\"https:\/\/artif.com\/blog\/wp-content\/uploads\/2016\/10\/rada-kancheva-blog-300x225.jpg\" alt=\"rada-kancheva-blog\" width=\"312\" height=\"234\" srcset=\"https:\/\/artif.com\/blog\/wp-content\/uploads\/2016\/10\/rada-kancheva-blog-300x225.jpg 300w, https:\/\/artif.com\/blog\/wp-content\/uploads\/2016\/10\/rada-kancheva-blog-768x576.jpg 768w, https:\/\/artif.com\/blog\/wp-content\/uploads\/2016\/10\/rada-kancheva-blog-1024x768.jpg 1024w, https:\/\/artif.com\/blog\/wp-content\/uploads\/2016\/10\/rada-kancheva-blog.jpg 1088w\" sizes=\"auto, (max-width: 312px) 100vw, 312px\" \/>In der ersten Woche habe ich mich haupts\u00e4chlich mit TYPO3 besch\u00e4ftigt. Ich habe mir erste Einblicke verschafft, in dem ich mit dem Buch &#8222;Einstieg in TYPO3 CMS 6.2&#8220; eine erste Beispielseite erstellt habe. Dabei hab ich besonders viel Zeit in der Erstellung von Fluid-Templates investiert, da die aktuellen TYPO3 Versionen darauf aufbauen. Dabei hab ich gelernt, dass man Views in verschiedene Dateien aufsplittet, die unterschiedliche Aufgaben erf\u00fcllen. Die HTML-Vorlage f\u00fcr eine Website in so genannte Partials, Templates und Layouts (eines pro ben\u00f6tigten Seitentyp) aufgeteilt, um mehr Flexibilit\u00e4t zu gew\u00e4hrleisten. Dabei kann ein Redakteur z.b aus Layouts mit verschiedene Anzahl an Spalten ausw\u00e4hlen, die f\u00fcr ihn bereit gestellt werden.<\/p>\n<p>In der zweiten Woche hab ich eine Vorlage bekommen und durfte anhand dieser Vorlage verschiedene HTML-Dateien erzeugen, die f\u00fcr ein gr\u00f6\u00dferes Projekt ben\u00f6tigt wurden. Dabei war es wichtig, dass diese HTML-Dateien durch das Programm wkhtmltopdf&nbsp; PDF-Dateien erzeugt, die genau der Vorlage entsprechen. Es gab mehrere Versionen der Vorlage, also auch mehrere Versionen der HTML-Dateien. Da die Vorlagen Bilder enthielten, die auch in die HTML-Datei \u00fcbernommen werden sollten, hab ich auch einen Einblick in die Arbeit mit Adobe Illustrator bekommen. Dabei hat mir Nico gezeigt, wie ich die Bilder in der passenden Gr\u00f6\u00dfe und mit den ben\u00f6tigten Konturen erzeuge, damit diese der Vorlage entsprechen.<\/p>\n<p>In der dritten Woche durfte ich weiter mit den HTML-Dateien arbeiten. Diese sollten durch PHP mit Daten gef\u00fcllt werden. Dabei wurde ein array durchlaufen, die entsprechende array-Eintr\u00e4ge ausgelesen und an der passenden Stellen in der dazugeh\u00f6rigen HTML-Datei eingef\u00fcgt.<\/p>\n<p>Die vierte Woche wurde TYPO3-Updates gewidmet. Daf\u00fcr habe ich eng mit Jan zusammengearbeitet. Es sollte ein System von TYPO3 Version 4.5 auf Version 7.6 migriert werden, da es f\u00fcr 4.5 keinen Support und keine Sicherheitsupdates mehr gibt. Dabei mussten mehrere Schritte nacheinander durchgef\u00fchrt werden. Das Update wurde mit einem Zwischenschritt \u00fcber TYPO3 Version 6.2 durchgef\u00fchrt. Es wurde mir eine typische Struktur eines Projekts gezeigt und ein fertiges TYPO3 System als Orientierung zur Verf\u00fcgung gestellt. Als erstes habe ich ein neues Projekt auf einem Server angelegt und in meinem Workspace angelegt. Dabei habe ich das Arbeiten mit symbolischen Links in Linux-Dateisystem, aktuellen TYPO3-Extensions und TypoScript ge\u00fcbt. Wichtig war es die vorhandenen TemplaVoil\u00e0-Templates durch FuidPageTemplates zu ersetzen. Auch wurden die vorhandenen TypoScript-Templates in Dateien ausgelagert, damit diese zuk\u00fcnftig durch ein Versionierungssystem verwaltet werden k\u00f6nnen, und wieder korrekt eingebunden.<\/p>\n<p>Der erste Monat in der Firma war sehr lehrreich und hat viel Spa\u00df gemacht. Alle waren sehr freundlich und hilfsbereit. Ich freue mich auf die weitere Mitarbeit im artif Team.<\/p>\n","protected":false},"excerpt":{"rendered":"<p>Mein Praktikum hat am 12. September 2016 angefangen. Am ersten Tag wurde ich herzlich empfangen und&nbsp; dem ganzen Team vorgestellt. Danach hat mir Jan eine Einf\u00fchrung in verschiedene Systemen, wie das eigene Intranet und das Projektmanagement gegeben. In der ersten Woche habe ich mich haupts\u00e4chlich mit TYPO3 besch\u00e4ftigt. Ich habe mir erste Einblicke verschafft, in&#8230;<\/p>\n<p><span class=\"hidden-desktop article_mobileCategory\"><a href=\"https:\/\/artif.com\/blog\/category\/praktikumsberichte\" title=\"Alle Artikel in Praktikumsberichte\"><span class=\"hidden-desktop articleCategory_icon icon-praktikumsberichte\"><\/span> Praktikumsberichte<\/a><\/span><a class=\"article_moreLink\" href=\"https:\/\/artif.com\/blog\/die-chroniken-von-rada-1-kapitel.html\" aria-label=\"Weiterlesen: Die Chroniken von Rada &#8211; 1. Kapitel\"><span class=\"icon icon-readmore\"><\/span> Weiterlesen<\/a><\/p>\n","protected":false},"author":4,"featured_media":557,"comment_status":"open","ping_status":"open","sticky":false,"template":"","format":"standard","meta":{"footnotes":""},"categories":[28],"tags":[],"class_list":["post-542","post","type-post","status-publish","format-standard","has-post-thumbnail","hentry","category-praktikumsberichte"],"yoast_head":"<!-- This site is optimized with the Yoast SEO plugin v27.5 - https:\/\/yoast.com\/product\/yoast-seo-wordpress\/ -->\n<title>Die Chroniken von Rada - 1. Kapitel - Blog artif T\u00fcbingen<\/title>\n<meta name=\"robots\" content=\"index, follow, max-snippet:-1, max-image-preview:large, max-video-preview:-1\" \/>\n<link rel=\"canonical\" href=\"https:\/\/artif.com\/blog\/die-chroniken-von-rada-1-kapitel.html\" \/>\n<meta property=\"og:locale\" content=\"de_DE\" \/>\n<meta property=\"og:type\" content=\"article\" \/>\n<meta property=\"og:title\" content=\"Die Chroniken von Rada - 1. Kapitel - Blog artif T\u00fcbingen\" \/>\n<meta property=\"og:description\" content=\"Mein Praktikum hat am 12. September 2016 angefangen. Am ersten Tag wurde ich herzlich empfangen und&nbsp; dem ganzen Team vorgestellt. Danach hat mir Jan eine Einf\u00fchrung in verschiedene Systemen, wie das eigene Intranet und das Projektmanagement gegeben. In der ersten Woche habe ich mich haupts\u00e4chlich mit TYPO3 besch\u00e4ftigt. Ich habe mir erste Einblicke verschafft, in... Praktikumsberichte Weiterlesen\" \/>\n<meta property=\"og:url\" content=\"https:\/\/artif.com\/blog\/die-chroniken-von-rada-1-kapitel.html\" \/>\n<meta property=\"og:site_name\" content=\"Blog artif T\u00fcbingen\" \/>\n<meta property=\"article:publisher\" content=\"https:\/\/www.facebook.com\/pages\/TYPO3-Agentur-artif-Gmbh-Co-KG\/101490748200\" \/>\n<meta property=\"article:published_time\" content=\"2016-10-05T16:37:09+00:00\" \/>\n<meta property=\"article:modified_time\" content=\"2021-06-25T08:42:48+00:00\" \/>\n<meta property=\"og:image\" content=\"https:\/\/artif.com\/blog\/wp-content\/uploads\/2016\/10\/rada-kancheva-blog.jpg\" \/>\n\t<meta property=\"og:image:width\" content=\"1088\" \/>\n\t<meta property=\"og:image:height\" content=\"816\" \/>\n\t<meta property=\"og:image:type\" content=\"image\/jpeg\" \/>\n<meta name=\"author\" content=\"Andreas Brus\" \/>\n<meta name=\"twitter:card\" content=\"summary_large_image\" \/>\n<meta name=\"twitter:creator\" content=\"@artifcom\" \/>\n<meta name=\"twitter:site\" content=\"@artifcom\" \/>\n<meta name=\"twitter:label1\" content=\"Verfasst von\" \/>\n\t<meta name=\"twitter:data1\" content=\"Andreas Brus\" \/>\n\t<meta name=\"twitter:label2\" content=\"Gesch\u00e4tzte Lesezeit\" \/>\n\t<meta name=\"twitter:data2\" content=\"2\u00a0Minuten\" \/>\n<script type=\"application\/ld+json\" class=\"yoast-schema-graph\">{\"@context\":\"https:\\\/\\\/schema.org\",\"@graph\":[{\"@type\":\"Article\",\"@id\":\"https:\\\/\\\/artif.com\\\/blog\\\/die-chroniken-von-rada-1-kapitel.html#article\",\"isPartOf\":{\"@id\":\"https:\\\/\\\/artif.com\\\/blog\\\/die-chroniken-von-rada-1-kapitel.html\"},\"author\":{\"name\":\"Andreas Brus\",\"@id\":\"https:\\\/\\\/artif.com\\\/blog\\\/#\\\/schema\\\/person\\\/23ac7b0aacd4a4c89b1961e28dd37c0a\"},\"headline\":\"Die Chroniken von Rada &#8211; 1. Kapitel\",\"datePublished\":\"2016-10-05T16:37:09+00:00\",\"dateModified\":\"2021-06-25T08:42:48+00:00\",\"mainEntityOfPage\":{\"@id\":\"https:\\\/\\\/artif.com\\\/blog\\\/die-chroniken-von-rada-1-kapitel.html\"},\"wordCount\":484,\"commentCount\":0,\"publisher\":{\"@id\":\"https:\\\/\\\/artif.com\\\/blog\\\/#organization\"},\"image\":{\"@id\":\"https:\\\/\\\/artif.com\\\/blog\\\/die-chroniken-von-rada-1-kapitel.html#primaryimage\"},\"thumbnailUrl\":\"https:\\\/\\\/artif.com\\\/blog\\\/wp-content\\\/uploads\\\/2016\\\/10\\\/rada-kancheva-blog.jpg\",\"articleSection\":[\"Praktikumsberichte\"],\"inLanguage\":\"de\",\"potentialAction\":[{\"@type\":\"CommentAction\",\"name\":\"Comment\",\"target\":[\"https:\\\/\\\/artif.com\\\/blog\\\/die-chroniken-von-rada-1-kapitel.html#respond\"]}]},{\"@type\":\"WebPage\",\"@id\":\"https:\\\/\\\/artif.com\\\/blog\\\/die-chroniken-von-rada-1-kapitel.html\",\"url\":\"https:\\\/\\\/artif.com\\\/blog\\\/die-chroniken-von-rada-1-kapitel.html\",\"name\":\"Die Chroniken von Rada - 1. Kapitel - Blog artif T\u00fcbingen\",\"isPartOf\":{\"@id\":\"https:\\\/\\\/artif.com\\\/blog\\\/#website\"},\"primaryImageOfPage\":{\"@id\":\"https:\\\/\\\/artif.com\\\/blog\\\/die-chroniken-von-rada-1-kapitel.html#primaryimage\"},\"image\":{\"@id\":\"https:\\\/\\\/artif.com\\\/blog\\\/die-chroniken-von-rada-1-kapitel.html#primaryimage\"},\"thumbnailUrl\":\"https:\\\/\\\/artif.com\\\/blog\\\/wp-content\\\/uploads\\\/2016\\\/10\\\/rada-kancheva-blog.jpg\",\"datePublished\":\"2016-10-05T16:37:09+00:00\",\"dateModified\":\"2021-06-25T08:42:48+00:00\",\"breadcrumb\":{\"@id\":\"https:\\\/\\\/artif.com\\\/blog\\\/die-chroniken-von-rada-1-kapitel.html#breadcrumb\"},\"inLanguage\":\"de\",\"potentialAction\":[{\"@type\":\"ReadAction\",\"target\":[\"https:\\\/\\\/artif.com\\\/blog\\\/die-chroniken-von-rada-1-kapitel.html\"]}]},{\"@type\":\"ImageObject\",\"inLanguage\":\"de\",\"@id\":\"https:\\\/\\\/artif.com\\\/blog\\\/die-chroniken-von-rada-1-kapitel.html#primaryimage\",\"url\":\"https:\\\/\\\/artif.com\\\/blog\\\/wp-content\\\/uploads\\\/2016\\\/10\\\/rada-kancheva-blog.jpg\",\"contentUrl\":\"https:\\\/\\\/artif.com\\\/blog\\\/wp-content\\\/uploads\\\/2016\\\/10\\\/rada-kancheva-blog.jpg\",\"width\":1088,\"height\":816},{\"@type\":\"BreadcrumbList\",\"@id\":\"https:\\\/\\\/artif.com\\\/blog\\\/die-chroniken-von-rada-1-kapitel.html#breadcrumb\",\"itemListElement\":[{\"@type\":\"ListItem\",\"position\":1,\"name\":\"Startseite\",\"item\":\"https:\\\/\\\/artif.com\\\/blog\"},{\"@type\":\"ListItem\",\"position\":2,\"name\":\"Die Chroniken von Rada &#8211; 1. Kapitel\"}]},{\"@type\":\"WebSite\",\"@id\":\"https:\\\/\\\/artif.com\\\/blog\\\/#website\",\"url\":\"https:\\\/\\\/artif.com\\\/blog\\\/\",\"name\":\"Blog artif T\u00fcbingen\",\"description\":\"Blog von artif aus T\u00fcbingen: Internetagentur, Webdesign und TYPO3 von den Web Experts f\u00fcr Internet und Intranet aus T\u00fcbingen.\",\"publisher\":{\"@id\":\"https:\\\/\\\/artif.com\\\/blog\\\/#organization\"},\"potentialAction\":[{\"@type\":\"SearchAction\",\"target\":{\"@type\":\"EntryPoint\",\"urlTemplate\":\"https:\\\/\\\/artif.com\\\/blog\\\/?s={search_term_string}\"},\"query-input\":{\"@type\":\"PropertyValueSpecification\",\"valueRequired\":true,\"valueName\":\"search_term_string\"}}],\"inLanguage\":\"de\"},{\"@type\":\"Organization\",\"@id\":\"https:\\\/\\\/artif.com\\\/blog\\\/#organization\",\"name\":\"artif T\u00fcbingen\",\"url\":\"https:\\\/\\\/artif.com\\\/blog\\\/\",\"logo\":{\"@type\":\"ImageObject\",\"inLanguage\":\"de\",\"@id\":\"https:\\\/\\\/artif.com\\\/blog\\\/#\\\/schema\\\/logo\\\/image\\\/\",\"url\":\"https:\\\/\\\/artif.com\\\/blog\\\/wp-content\\\/uploads\\\/2021\\\/03\\\/logo-artif-cs5_rgb.png\",\"contentUrl\":\"https:\\\/\\\/artif.com\\\/blog\\\/wp-content\\\/uploads\\\/2021\\\/03\\\/logo-artif-cs5_rgb.png\",\"width\":1902,\"height\":528,\"caption\":\"artif T\u00fcbingen\"},\"image\":{\"@id\":\"https:\\\/\\\/artif.com\\\/blog\\\/#\\\/schema\\\/logo\\\/image\\\/\"},\"sameAs\":[\"https:\\\/\\\/www.facebook.com\\\/pages\\\/TYPO3-Agentur-artif-Gmbh-Co-KG\\\/101490748200\",\"https:\\\/\\\/x.com\\\/artifcom\"]},{\"@type\":\"Person\",\"@id\":\"https:\\\/\\\/artif.com\\\/blog\\\/#\\\/schema\\\/person\\\/23ac7b0aacd4a4c89b1961e28dd37c0a\",\"name\":\"Andreas Brus\",\"image\":{\"@type\":\"ImageObject\",\"inLanguage\":\"de\",\"@id\":\"https:\\\/\\\/secure.gravatar.com\\\/avatar\\\/e1d9a4c933975d228f04533e41539195768e3917e60c27e2697f409c38d90d5f?s=96&d=identicon&r=g\",\"url\":\"https:\\\/\\\/secure.gravatar.com\\\/avatar\\\/e1d9a4c933975d228f04533e41539195768e3917e60c27e2697f409c38d90d5f?s=96&d=identicon&r=g\",\"contentUrl\":\"https:\\\/\\\/secure.gravatar.com\\\/avatar\\\/e1d9a4c933975d228f04533e41539195768e3917e60c27e2697f409c38d90d5f?s=96&d=identicon&r=g\",\"caption\":\"Andreas Brus\"},\"sameAs\":[\"https:\\\/\\\/artif.com\\\/\"]}]}<\/script>\n<!-- \/ Yoast SEO plugin. -->","yoast_head_json":{"title":"Die Chroniken von Rada - 1. Kapitel - Blog artif T\u00fcbingen","robots":{"index":"index","follow":"follow","max-snippet":"max-snippet:-1","max-image-preview":"max-image-preview:large","max-video-preview":"max-video-preview:-1"},"canonical":"https:\/\/artif.com\/blog\/die-chroniken-von-rada-1-kapitel.html","og_locale":"de_DE","og_type":"article","og_title":"Die Chroniken von Rada - 1. Kapitel - Blog artif T\u00fcbingen","og_description":"Mein Praktikum hat am 12. September 2016 angefangen. Am ersten Tag wurde ich herzlich empfangen und&nbsp; dem ganzen Team vorgestellt. Danach hat mir Jan eine Einf\u00fchrung in verschiedene Systemen, wie das eigene Intranet und das Projektmanagement gegeben. In der ersten Woche habe ich mich haupts\u00e4chlich mit TYPO3 besch\u00e4ftigt. Ich habe mir erste Einblicke verschafft, in... Praktikumsberichte Weiterlesen","og_url":"https:\/\/artif.com\/blog\/die-chroniken-von-rada-1-kapitel.html","og_site_name":"Blog artif T\u00fcbingen","article_publisher":"https:\/\/www.facebook.com\/pages\/TYPO3-Agentur-artif-Gmbh-Co-KG\/101490748200","article_published_time":"2016-10-05T16:37:09+00:00","article_modified_time":"2021-06-25T08:42:48+00:00","og_image":[{"width":1088,"height":816,"url":"https:\/\/artif.com\/blog\/wp-content\/uploads\/2016\/10\/rada-kancheva-blog.jpg","type":"image\/jpeg"}],"author":"Andreas Brus","twitter_card":"summary_large_image","twitter_creator":"@artifcom","twitter_site":"@artifcom","twitter_misc":{"Verfasst von":"Andreas Brus","Gesch\u00e4tzte Lesezeit":"2\u00a0Minuten"},"schema":{"@context":"https:\/\/schema.org","@graph":[{"@type":"Article","@id":"https:\/\/artif.com\/blog\/die-chroniken-von-rada-1-kapitel.html#article","isPartOf":{"@id":"https:\/\/artif.com\/blog\/die-chroniken-von-rada-1-kapitel.html"},"author":{"name":"Andreas Brus","@id":"https:\/\/artif.com\/blog\/#\/schema\/person\/23ac7b0aacd4a4c89b1961e28dd37c0a"},"headline":"Die Chroniken von Rada &#8211; 1. Kapitel","datePublished":"2016-10-05T16:37:09+00:00","dateModified":"2021-06-25T08:42:48+00:00","mainEntityOfPage":{"@id":"https:\/\/artif.com\/blog\/die-chroniken-von-rada-1-kapitel.html"},"wordCount":484,"commentCount":0,"publisher":{"@id":"https:\/\/artif.com\/blog\/#organization"},"image":{"@id":"https:\/\/artif.com\/blog\/die-chroniken-von-rada-1-kapitel.html#primaryimage"},"thumbnailUrl":"https:\/\/artif.com\/blog\/wp-content\/uploads\/2016\/10\/rada-kancheva-blog.jpg","articleSection":["Praktikumsberichte"],"inLanguage":"de","potentialAction":[{"@type":"CommentAction","name":"Comment","target":["https:\/\/artif.com\/blog\/die-chroniken-von-rada-1-kapitel.html#respond"]}]},{"@type":"WebPage","@id":"https:\/\/artif.com\/blog\/die-chroniken-von-rada-1-kapitel.html","url":"https:\/\/artif.com\/blog\/die-chroniken-von-rada-1-kapitel.html","name":"Die Chroniken von Rada - 1. Kapitel - Blog artif T\u00fcbingen","isPartOf":{"@id":"https:\/\/artif.com\/blog\/#website"},"primaryImageOfPage":{"@id":"https:\/\/artif.com\/blog\/die-chroniken-von-rada-1-kapitel.html#primaryimage"},"image":{"@id":"https:\/\/artif.com\/blog\/die-chroniken-von-rada-1-kapitel.html#primaryimage"},"thumbnailUrl":"https:\/\/artif.com\/blog\/wp-content\/uploads\/2016\/10\/rada-kancheva-blog.jpg","datePublished":"2016-10-05T16:37:09+00:00","dateModified":"2021-06-25T08:42:48+00:00","breadcrumb":{"@id":"https:\/\/artif.com\/blog\/die-chroniken-von-rada-1-kapitel.html#breadcrumb"},"inLanguage":"de","potentialAction":[{"@type":"ReadAction","target":["https:\/\/artif.com\/blog\/die-chroniken-von-rada-1-kapitel.html"]}]},{"@type":"ImageObject","inLanguage":"de","@id":"https:\/\/artif.com\/blog\/die-chroniken-von-rada-1-kapitel.html#primaryimage","url":"https:\/\/artif.com\/blog\/wp-content\/uploads\/2016\/10\/rada-kancheva-blog.jpg","contentUrl":"https:\/\/artif.com\/blog\/wp-content\/uploads\/2016\/10\/rada-kancheva-blog.jpg","width":1088,"height":816},{"@type":"BreadcrumbList","@id":"https:\/\/artif.com\/blog\/die-chroniken-von-rada-1-kapitel.html#breadcrumb","itemListElement":[{"@type":"ListItem","position":1,"name":"Startseite","item":"https:\/\/artif.com\/blog"},{"@type":"ListItem","position":2,"name":"Die Chroniken von Rada &#8211; 1. Kapitel"}]},{"@type":"WebSite","@id":"https:\/\/artif.com\/blog\/#website","url":"https:\/\/artif.com\/blog\/","name":"Blog artif T\u00fcbingen","description":"Blog von artif aus T\u00fcbingen: Internetagentur, Webdesign und TYPO3 von den Web Experts f\u00fcr Internet und Intranet aus T\u00fcbingen.","publisher":{"@id":"https:\/\/artif.com\/blog\/#organization"},"potentialAction":[{"@type":"SearchAction","target":{"@type":"EntryPoint","urlTemplate":"https:\/\/artif.com\/blog\/?s={search_term_string}"},"query-input":{"@type":"PropertyValueSpecification","valueRequired":true,"valueName":"search_term_string"}}],"inLanguage":"de"},{"@type":"Organization","@id":"https:\/\/artif.com\/blog\/#organization","name":"artif T\u00fcbingen","url":"https:\/\/artif.com\/blog\/","logo":{"@type":"ImageObject","inLanguage":"de","@id":"https:\/\/artif.com\/blog\/#\/schema\/logo\/image\/","url":"https:\/\/artif.com\/blog\/wp-content\/uploads\/2021\/03\/logo-artif-cs5_rgb.png","contentUrl":"https:\/\/artif.com\/blog\/wp-content\/uploads\/2021\/03\/logo-artif-cs5_rgb.png","width":1902,"height":528,"caption":"artif T\u00fcbingen"},"image":{"@id":"https:\/\/artif.com\/blog\/#\/schema\/logo\/image\/"},"sameAs":["https:\/\/www.facebook.com\/pages\/TYPO3-Agentur-artif-Gmbh-Co-KG\/101490748200","https:\/\/x.com\/artifcom"]},{"@type":"Person","@id":"https:\/\/artif.com\/blog\/#\/schema\/person\/23ac7b0aacd4a4c89b1961e28dd37c0a","name":"Andreas Brus","image":{"@type":"ImageObject","inLanguage":"de","@id":"https:\/\/secure.gravatar.com\/avatar\/e1d9a4c933975d228f04533e41539195768e3917e60c27e2697f409c38d90d5f?s=96&d=identicon&r=g","url":"https:\/\/secure.gravatar.com\/avatar\/e1d9a4c933975d228f04533e41539195768e3917e60c27e2697f409c38d90d5f?s=96&d=identicon&r=g","contentUrl":"https:\/\/secure.gravatar.com\/avatar\/e1d9a4c933975d228f04533e41539195768e3917e60c27e2697f409c38d90d5f?s=96&d=identicon&r=g","caption":"Andreas Brus"},"sameAs":["https:\/\/artif.com\/"]}]}},"publishpress_future_action":{"enabled":false,"date":"2026-05-01 12:53:45","action":"change-status","newStatus":"draft","terms":[],"taxonomy":"category","extraData":[]},"publishpress_future_workflow_manual_trigger":{"enabledWorkflows":[]},"_links":{"self":[{"href":"https:\/\/artif.com\/blog\/wp-json\/wp\/v2\/posts\/542","targetHints":{"allow":["GET"]}}],"collection":[{"href":"https:\/\/artif.com\/blog\/wp-json\/wp\/v2\/posts"}],"about":[{"href":"https:\/\/artif.com\/blog\/wp-json\/wp\/v2\/types\/post"}],"author":[{"embeddable":true,"href":"https:\/\/artif.com\/blog\/wp-json\/wp\/v2\/users\/4"}],"replies":[{"embeddable":true,"href":"https:\/\/artif.com\/blog\/wp-json\/wp\/v2\/comments?post=542"}],"version-history":[{"count":17,"href":"https:\/\/artif.com\/blog\/wp-json\/wp\/v2\/posts\/542\/revisions"}],"predecessor-version":[{"id":1994,"href":"https:\/\/artif.com\/blog\/wp-json\/wp\/v2\/posts\/542\/revisions\/1994"}],"wp:featuredmedia":[{"embeddable":true,"href":"https:\/\/artif.com\/blog\/wp-json\/wp\/v2\/media\/557"}],"wp:attachment":[{"href":"https:\/\/artif.com\/blog\/wp-json\/wp\/v2\/media?parent=542"}],"wp:term":[{"taxonomy":"category","embeddable":true,"href":"https:\/\/artif.com\/blog\/wp-json\/wp\/v2\/categories?post=542"},{"taxonomy":"post_tag","embeddable":true,"href":"https:\/\/artif.com\/blog\/wp-json\/wp\/v2\/tags?post=542"}],"curies":[{"name":"wp","href":"https:\/\/api.w.org\/{rel}","templated":true}]}}