{"id":3272,"date":"2026-04-07T09:53:13","date_gmt":"2026-04-07T07:53:13","guid":{"rendered":"https:\/\/artif.com\/blog\/?p=3272"},"modified":"2026-04-07T10:02:23","modified_gmt":"2026-04-07T08:02:23","slug":"technik-akademie-2026","status":"publish","type":"post","link":"https:\/\/artif.com\/blog\/technik-akademie-2026.html","title":{"rendered":"Technik Akademie 2026"},"content":{"rendered":"\n<p>Auch in diesem Jahr waren wieder Sch\u00fcler der Technikakademie bei uns zu Gast. W\u00e4hrend andere Teilnehmende der Akademie ihre Projektwoche in technischen Betrieben im Raum T\u00fcbingen verbringen, arbeitet ein Team bei artif an der Website der Technikakademie \u2013 und bekommt dabei einen Einblick in die Entwicklung einer Website mit WordPress.<\/p>\n\n\n\n<p>Die Technikakademie, ein Projekt der <strong>CHT in T\u00fcbingen<\/strong>, bringt Sch\u00fclerinnen und Sch\u00fcler mit Unternehmen aus der Region zusammen. Ziel ist es, technische Berufe erlebbar zu machen und zu zeigen, wie Projekte in der Praxis tats\u00e4chlich ablaufen.<\/p>\n\n\n\n<p>Bei uns dreht sich alles um Web. Die Gruppe k\u00fcmmert sich um Inhalte, Struktur und Gestaltung der Website und setzt das Ganze direkt in WordPress um. Was am Anfang noch wie eine leere Seite aussieht, wird Schritt f\u00fcr Schritt zu einem vollumf\u00e4nglichen Blog, DSGVO-konform und responsive! <\/p>\n\n\n\n<p>Und so haben die Sch\u00fclerinnen und Sch\u00fcler ihre Woche erlebt:<\/p>\n\n\n\n<h2 class=\"wp-block-heading\"><strong>Projektwoche bei Artif \u2013 Unsere neue Website f\u00fcr die Technikakademie<\/strong><\/h2>\n\n\n\n<p>Im Rahmen der diesj\u00e4hrigen Technikakademie bekamen&nbsp;wir die spannende Gelegenheit, mit der Firma Artif zusammenzuarbeiten. Ziel unseres Projekts war es, eine neue Website f\u00fcr die Technikakademie zu konzipieren und umzusetzen.<\/p>\n\n\n\n<p>Zu Beginn der Woche erhielten wir eine Einf\u00fchrung in die Arbeitsweise von Artif sowie in moderne Webtechnologien und Designprinzipien. Dabei wurde schnell klar, wie wichtig eine klare Struktur, ansprechendes Design und eine benutzerfreundliche Navigation f\u00fcr eine erfolgreiche Website sind.<\/p>\n\n\n\n<p>Im Laufe der Woche konnten wir gro\u00dfe Fortschritte erzielen. Schritt f\u00fcr Schritt entstand eine \u00fcbersichtliche und funktionale Website. Dabei haben wir nicht nur unsere technischen F\u00e4higkeiten verbessert, sondern auch gelernt, wie wichtig Teamarbeit, Kommunikation und Projektplanung sind.<\/p>\n\n\n\n<p>Am Ende der Woche pr\u00e4sentierten wir unsere Ergebnisse. Es war ein tolles Gef\u00fchl zu sehen, was wir in so kurzer Zeit gemeinsam erreicht haben. Die Zusammenarbeit mit Artif hat uns wertvolle Einblicke in die Praxis gegeben und uns gezeigt, wie echte Projekte in der Berufswelt ablaufen.<\/p>\n\n\n\n<p>Insgesamt war die Projektwoche eine sehr lehrreiche und motivierende Erfahrung, die uns noch lange in Erinnerung bleiben wird.<\/p>\n\n\n\n<h2 class=\"wp-block-heading\">Unser Fazit<\/h2>\n\n\n\n<p>Uns hat die Woche auf jeden Fall wieder Spa\u00df gemacht. Es ist immer spannend zu sehen, wie schnell aus ersten Ideen eine funktionierende Website wird \u2013 und wie viel die Sch\u00fcler in ein paar Tagen lernen. Wir bedanken uns bei allen Teilnehmenden f\u00fcr die tolle Zusammenarbeit und freuen uns, jedes Jahr wieder Teil der Technikakademie zu sein. Projekte wie dieses zeigen, wie wichtig praktische Erfahrungen sind, um junge Menschen f\u00fcr Technik und digitale Berufe zu begeistern.<\/p>\n","protected":false},"excerpt":{"rendered":"<p>Auch in diesem Jahr waren wieder Sch\u00fcler der Technikakademie bei uns zu Gast. W\u00e4hrend andere Teilnehmende der Akademie ihre Projektwoche in technischen Betrieben im Raum T\u00fcbingen verbringen, arbeitet ein Team bei artif an der Website der Technikakademie \u2013 und bekommt dabei einen Einblick in die Entwicklung einer Website mit WordPress. Die Technikakademie, ein Projekt der&#8230;<\/p>\n<p><span class=\"hidden-desktop article_mobileCategory\"><a href=\"https:\/\/artif.com\/blog\/category\/projekte\" title=\"Alle Artikel in Projekte\"><span class=\"hidden-desktop articleCategory_icon icon-projekte\"><\/span> Projekte<\/a><\/span><span class=\"hidden-desktop article_mobileCategory\"><a href=\"https:\/\/artif.com\/blog\/category\/allgemein\" title=\"Alle Artikel in Allgemein\"><span class=\"hidden-desktop articleCategory_icon icon-allgemein\"><\/span> Allgemein<\/a><\/span><a class=\"article_moreLink\" href=\"https:\/\/artif.com\/blog\/technik-akademie-2026.html\" aria-label=\"Weiterlesen: Technik Akademie 2026\"><span class=\"icon icon-readmore\"><\/span> Weiterlesen<\/a><\/p>\n","protected":false},"author":16,"featured_media":3273,"comment_status":"open","ping_status":"open","sticky":false,"template":"","format":"standard","meta":{"footnotes":""},"categories":[19,1],"tags":[58,90,38],"class_list":["post-3272","post","type-post","status-publish","format-standard","has-post-thumbnail","hentry","category-projekte","category-allgemein","tag-mediengestalter","tag-technik-akademie","tag-wordpress"],"yoast_head":"<!-- This site is optimized with the Yoast SEO plugin v27.5 - https:\/\/yoast.com\/product\/yoast-seo-wordpress\/ -->\n<title>Technik Akademie 2026 - Blog artif T\u00fcbingen<\/title>\n<meta name=\"description\" content=\"Technikakademie zu Gast bei artif: Sch\u00fcler entwickeln eine WordPress-Website und sammeln praktische Erfahrung in Webdesign\" \/>\n<meta name=\"robots\" content=\"index, follow, max-snippet:-1, max-image-preview:large, max-video-preview:-1\" \/>\n<link rel=\"canonical\" href=\"https:\/\/artif.com\/blog\/technik-akademie-2026.html\" \/>\n<meta property=\"og:locale\" content=\"de_DE\" \/>\n<meta property=\"og:type\" content=\"article\" \/>\n<meta property=\"og:title\" content=\"Technik Akademie 2026 - Blog artif T\u00fcbingen\" \/>\n<meta property=\"og:description\" content=\"Technikakademie zu Gast bei artif: Sch\u00fcler entwickeln eine WordPress-Website und sammeln praktische Erfahrung in Webdesign\" \/>\n<meta property=\"og:url\" content=\"https:\/\/artif.com\/blog\/technik-akademie-2026.html\" \/>\n<meta property=\"og:site_name\" content=\"Blog artif T\u00fcbingen\" \/>\n<meta property=\"article:publisher\" content=\"https:\/\/www.facebook.com\/pages\/TYPO3-Agentur-artif-Gmbh-Co-KG\/101490748200\" \/>\n<meta property=\"article:published_time\" content=\"2026-04-07T07:53:13+00:00\" \/>\n<meta property=\"article:modified_time\" content=\"2026-04-07T08:02:23+00:00\" \/>\n<meta property=\"og:image\" content=\"https:\/\/artif.com\/blog\/wp-content\/uploads\/2026\/04\/TA2026.webp\" \/>\n\t<meta property=\"og:image:width\" content=\"600\" \/>\n\t<meta property=\"og:image:height\" content=\"304\" \/>\n\t<meta property=\"og:image:type\" content=\"image\/webp\" \/>\n<meta name=\"author\" content=\"Stefanie Lupo\" \/>\n<meta name=\"twitter:card\" content=\"summary_large_image\" \/>\n<meta name=\"twitter:creator\" content=\"@artifcom\" \/>\n<meta name=\"twitter:site\" content=\"@artifcom\" \/>\n<meta name=\"twitter:label1\" content=\"Verfasst von\" \/>\n\t<meta name=\"twitter:data1\" content=\"Stefanie Lupo\" \/>\n\t<meta name=\"twitter:label2\" content=\"Gesch\u00e4tzte Lesezeit\" \/>\n\t<meta name=\"twitter:data2\" content=\"3\u00a0Minuten\" \/>\n<script type=\"application\/ld+json\" class=\"yoast-schema-graph\">{\"@context\":\"https:\\\/\\\/schema.org\",\"@graph\":[{\"@type\":\"Article\",\"@id\":\"https:\\\/\\\/artif.com\\\/blog\\\/technik-akademie-2026.html#article\",\"isPartOf\":{\"@id\":\"https:\\\/\\\/artif.com\\\/blog\\\/technik-akademie-2026.html\"},\"author\":{\"name\":\"Stefanie Lupo\",\"@id\":\"https:\\\/\\\/artif.com\\\/blog\\\/#\\\/schema\\\/person\\\/74fb36861a7a1aa3813b8893469b10b8\"},\"headline\":\"Technik Akademie 2026\",\"datePublished\":\"2026-04-07T07:53:13+00:00\",\"dateModified\":\"2026-04-07T08:02:23+00:00\",\"mainEntityOfPage\":{\"@id\":\"https:\\\/\\\/artif.com\\\/blog\\\/technik-akademie-2026.html\"},\"wordCount\":425,\"commentCount\":0,\"publisher\":{\"@id\":\"https:\\\/\\\/artif.com\\\/blog\\\/#organization\"},\"image\":{\"@id\":\"https:\\\/\\\/artif.com\\\/blog\\\/technik-akademie-2026.html#primaryimage\"},\"thumbnailUrl\":\"https:\\\/\\\/artif.com\\\/blog\\\/wp-content\\\/uploads\\\/2026\\\/04\\\/TA2026.webp\",\"keywords\":[\"Mediengestalter\",\"Technik Akademie\",\"WordPress\"],\"articleSection\":[\"Projekte\"],\"inLanguage\":\"de\",\"potentialAction\":[{\"@type\":\"CommentAction\",\"name\":\"Comment\",\"target\":[\"https:\\\/\\\/artif.com\\\/blog\\\/technik-akademie-2026.html#respond\"]}]},{\"@type\":\"WebPage\",\"@id\":\"https:\\\/\\\/artif.com\\\/blog\\\/technik-akademie-2026.html\",\"url\":\"https:\\\/\\\/artif.com\\\/blog\\\/technik-akademie-2026.html\",\"name\":\"Technik Akademie 2026 - Blog artif T\u00fcbingen\",\"isPartOf\":{\"@id\":\"https:\\\/\\\/artif.com\\\/blog\\\/#website\"},\"primaryImageOfPage\":{\"@id\":\"https:\\\/\\\/artif.com\\\/blog\\\/technik-akademie-2026.html#primaryimage\"},\"image\":{\"@id\":\"https:\\\/\\\/artif.com\\\/blog\\\/technik-akademie-2026.html#primaryimage\"},\"thumbnailUrl\":\"https:\\\/\\\/artif.com\\\/blog\\\/wp-content\\\/uploads\\\/2026\\\/04\\\/TA2026.webp\",\"datePublished\":\"2026-04-07T07:53:13+00:00\",\"dateModified\":\"2026-04-07T08:02:23+00:00\",\"description\":\"Technikakademie zu Gast bei artif: Sch\u00fcler entwickeln eine WordPress-Website und sammeln praktische Erfahrung in Webdesign\",\"breadcrumb\":{\"@id\":\"https:\\\/\\\/artif.com\\\/blog\\\/technik-akademie-2026.html#breadcrumb\"},\"inLanguage\":\"de\",\"potentialAction\":[{\"@type\":\"ReadAction\",\"target\":[\"https:\\\/\\\/artif.com\\\/blog\\\/technik-akademie-2026.html\"]}]},{\"@type\":\"ImageObject\",\"inLanguage\":\"de\",\"@id\":\"https:\\\/\\\/artif.com\\\/blog\\\/technik-akademie-2026.html#primaryimage\",\"url\":\"https:\\\/\\\/artif.com\\\/blog\\\/wp-content\\\/uploads\\\/2026\\\/04\\\/TA2026.webp\",\"contentUrl\":\"https:\\\/\\\/artif.com\\\/blog\\\/wp-content\\\/uploads\\\/2026\\\/04\\\/TA2026.webp\",\"width\":600,\"height\":304,\"caption\":\"Sch\u00fcler der Technik Akademie 2026\"},{\"@type\":\"BreadcrumbList\",\"@id\":\"https:\\\/\\\/artif.com\\\/blog\\\/technik-akademie-2026.html#breadcrumb\",\"itemListElement\":[{\"@type\":\"ListItem\",\"position\":1,\"name\":\"Startseite\",\"item\":\"https:\\\/\\\/artif.com\\\/blog\"},{\"@type\":\"ListItem\",\"position\":2,\"name\":\"Technik Akademie 2026\"}]},{\"@type\":\"WebSite\",\"@id\":\"https:\\\/\\\/artif.com\\\/blog\\\/#website\",\"url\":\"https:\\\/\\\/artif.com\\\/blog\\\/\",\"name\":\"Blog artif T\u00fcbingen\",\"description\":\"Blog von artif aus T\u00fcbingen: Internetagentur, Webdesign und TYPO3 von den Web Experts f\u00fcr Internet und Intranet aus T\u00fcbingen.\",\"publisher\":{\"@id\":\"https:\\\/\\\/artif.com\\\/blog\\\/#organization\"},\"potentialAction\":[{\"@type\":\"SearchAction\",\"target\":{\"@type\":\"EntryPoint\",\"urlTemplate\":\"https:\\\/\\\/artif.com\\\/blog\\\/?s={search_term_string}\"},\"query-input\":{\"@type\":\"PropertyValueSpecification\",\"valueRequired\":true,\"valueName\":\"search_term_string\"}}],\"inLanguage\":\"de\"},{\"@type\":\"Organization\",\"@id\":\"https:\\\/\\\/artif.com\\\/blog\\\/#organization\",\"name\":\"artif T\u00fcbingen\",\"url\":\"https:\\\/\\\/artif.com\\\/blog\\\/\",\"logo\":{\"@type\":\"ImageObject\",\"inLanguage\":\"de\",\"@id\":\"https:\\\/\\\/artif.com\\\/blog\\\/#\\\/schema\\\/logo\\\/image\\\/\",\"url\":\"https:\\\/\\\/artif.com\\\/blog\\\/wp-content\\\/uploads\\\/2021\\\/03\\\/logo-artif-cs5_rgb.png\",\"contentUrl\":\"https:\\\/\\\/artif.com\\\/blog\\\/wp-content\\\/uploads\\\/2021\\\/03\\\/logo-artif-cs5_rgb.png\",\"width\":1902,\"height\":528,\"caption\":\"artif T\u00fcbingen\"},\"image\":{\"@id\":\"https:\\\/\\\/artif.com\\\/blog\\\/#\\\/schema\\\/logo\\\/image\\\/\"},\"sameAs\":[\"https:\\\/\\\/www.facebook.com\\\/pages\\\/TYPO3-Agentur-artif-Gmbh-Co-KG\\\/101490748200\",\"https:\\\/\\\/x.com\\\/artifcom\"]},{\"@type\":\"Person\",\"@id\":\"https:\\\/\\\/artif.com\\\/blog\\\/#\\\/schema\\\/person\\\/74fb36861a7a1aa3813b8893469b10b8\",\"name\":\"Stefanie Lupo\",\"image\":{\"@type\":\"ImageObject\",\"inLanguage\":\"de\",\"@id\":\"https:\\\/\\\/secure.gravatar.com\\\/avatar\\\/e9e73bb1271196f0510f3f1ebd8d54f92fae15ea77ab2e9f617199e99ed2ffa3?s=96&d=identicon&r=g\",\"url\":\"https:\\\/\\\/secure.gravatar.com\\\/avatar\\\/e9e73bb1271196f0510f3f1ebd8d54f92fae15ea77ab2e9f617199e99ed2ffa3?s=96&d=identicon&r=g\",\"contentUrl\":\"https:\\\/\\\/secure.gravatar.com\\\/avatar\\\/e9e73bb1271196f0510f3f1ebd8d54f92fae15ea77ab2e9f617199e99ed2ffa3?s=96&d=identicon&r=g\",\"caption\":\"Stefanie Lupo\"},\"sameAs\":[\"https:\\\/\\\/artif.com\\\/\"]}]}<\/script>\n<!-- \/ Yoast SEO plugin. -->","yoast_head_json":{"title":"Technik Akademie 2026 - Blog artif T\u00fcbingen","description":"Technikakademie zu Gast bei artif: Sch\u00fcler entwickeln eine WordPress-Website und sammeln praktische Erfahrung in Webdesign","robots":{"index":"index","follow":"follow","max-snippet":"max-snippet:-1","max-image-preview":"max-image-preview:large","max-video-preview":"max-video-preview:-1"},"canonical":"https:\/\/artif.com\/blog\/technik-akademie-2026.html","og_locale":"de_DE","og_type":"article","og_title":"Technik Akademie 2026 - Blog artif T\u00fcbingen","og_description":"Technikakademie zu Gast bei artif: Sch\u00fcler entwickeln eine WordPress-Website und sammeln praktische Erfahrung in Webdesign","og_url":"https:\/\/artif.com\/blog\/technik-akademie-2026.html","og_site_name":"Blog artif T\u00fcbingen","article_publisher":"https:\/\/www.facebook.com\/pages\/TYPO3-Agentur-artif-Gmbh-Co-KG\/101490748200","article_published_time":"2026-04-07T07:53:13+00:00","article_modified_time":"2026-04-07T08:02:23+00:00","og_image":[{"width":600,"height":304,"url":"https:\/\/artif.com\/blog\/wp-content\/uploads\/2026\/04\/TA2026.webp","type":"image\/webp"}],"author":"Stefanie Lupo","twitter_card":"summary_large_image","twitter_creator":"@artifcom","twitter_site":"@artifcom","twitter_misc":{"Verfasst von":"Stefanie Lupo","Gesch\u00e4tzte Lesezeit":"3\u00a0Minuten"},"schema":{"@context":"https:\/\/schema.org","@graph":[{"@type":"Article","@id":"https:\/\/artif.com\/blog\/technik-akademie-2026.html#article","isPartOf":{"@id":"https:\/\/artif.com\/blog\/technik-akademie-2026.html"},"author":{"name":"Stefanie Lupo","@id":"https:\/\/artif.com\/blog\/#\/schema\/person\/74fb36861a7a1aa3813b8893469b10b8"},"headline":"Technik Akademie 2026","datePublished":"2026-04-07T07:53:13+00:00","dateModified":"2026-04-07T08:02:23+00:00","mainEntityOfPage":{"@id":"https:\/\/artif.com\/blog\/technik-akademie-2026.html"},"wordCount":425,"commentCount":0,"publisher":{"@id":"https:\/\/artif.com\/blog\/#organization"},"image":{"@id":"https:\/\/artif.com\/blog\/technik-akademie-2026.html#primaryimage"},"thumbnailUrl":"https:\/\/artif.com\/blog\/wp-content\/uploads\/2026\/04\/TA2026.webp","keywords":["Mediengestalter","Technik Akademie","WordPress"],"articleSection":["Projekte"],"inLanguage":"de","potentialAction":[{"@type":"CommentAction","name":"Comment","target":["https:\/\/artif.com\/blog\/technik-akademie-2026.html#respond"]}]},{"@type":"WebPage","@id":"https:\/\/artif.com\/blog\/technik-akademie-2026.html","url":"https:\/\/artif.com\/blog\/technik-akademie-2026.html","name":"Technik Akademie 2026 - Blog artif T\u00fcbingen","isPartOf":{"@id":"https:\/\/artif.com\/blog\/#website"},"primaryImageOfPage":{"@id":"https:\/\/artif.com\/blog\/technik-akademie-2026.html#primaryimage"},"image":{"@id":"https:\/\/artif.com\/blog\/technik-akademie-2026.html#primaryimage"},"thumbnailUrl":"https:\/\/artif.com\/blog\/wp-content\/uploads\/2026\/04\/TA2026.webp","datePublished":"2026-04-07T07:53:13+00:00","dateModified":"2026-04-07T08:02:23+00:00","description":"Technikakademie zu Gast bei artif: Sch\u00fcler entwickeln eine WordPress-Website und sammeln praktische Erfahrung in Webdesign","breadcrumb":{"@id":"https:\/\/artif.com\/blog\/technik-akademie-2026.html#breadcrumb"},"inLanguage":"de","potentialAction":[{"@type":"ReadAction","target":["https:\/\/artif.com\/blog\/technik-akademie-2026.html"]}]},{"@type":"ImageObject","inLanguage":"de","@id":"https:\/\/artif.com\/blog\/technik-akademie-2026.html#primaryimage","url":"https:\/\/artif.com\/blog\/wp-content\/uploads\/2026\/04\/TA2026.webp","contentUrl":"https:\/\/artif.com\/blog\/wp-content\/uploads\/2026\/04\/TA2026.webp","width":600,"height":304,"caption":"Sch\u00fcler der Technik Akademie 2026"},{"@type":"BreadcrumbList","@id":"https:\/\/artif.com\/blog\/technik-akademie-2026.html#breadcrumb","itemListElement":[{"@type":"ListItem","position":1,"name":"Startseite","item":"https:\/\/artif.com\/blog"},{"@type":"ListItem","position":2,"name":"Technik Akademie 2026"}]},{"@type":"WebSite","@id":"https:\/\/artif.com\/blog\/#website","url":"https:\/\/artif.com\/blog\/","name":"Blog artif T\u00fcbingen","description":"Blog von artif aus T\u00fcbingen: Internetagentur, Webdesign und TYPO3 von den Web Experts f\u00fcr Internet und Intranet aus T\u00fcbingen.","publisher":{"@id":"https:\/\/artif.com\/blog\/#organization"},"potentialAction":[{"@type":"SearchAction","target":{"@type":"EntryPoint","urlTemplate":"https:\/\/artif.com\/blog\/?s={search_term_string}"},"query-input":{"@type":"PropertyValueSpecification","valueRequired":true,"valueName":"search_term_string"}}],"inLanguage":"de"},{"@type":"Organization","@id":"https:\/\/artif.com\/blog\/#organization","name":"artif T\u00fcbingen","url":"https:\/\/artif.com\/blog\/","logo":{"@type":"ImageObject","inLanguage":"de","@id":"https:\/\/artif.com\/blog\/#\/schema\/logo\/image\/","url":"https:\/\/artif.com\/blog\/wp-content\/uploads\/2021\/03\/logo-artif-cs5_rgb.png","contentUrl":"https:\/\/artif.com\/blog\/wp-content\/uploads\/2021\/03\/logo-artif-cs5_rgb.png","width":1902,"height":528,"caption":"artif T\u00fcbingen"},"image":{"@id":"https:\/\/artif.com\/blog\/#\/schema\/logo\/image\/"},"sameAs":["https:\/\/www.facebook.com\/pages\/TYPO3-Agentur-artif-Gmbh-Co-KG\/101490748200","https:\/\/x.com\/artifcom"]},{"@type":"Person","@id":"https:\/\/artif.com\/blog\/#\/schema\/person\/74fb36861a7a1aa3813b8893469b10b8","name":"Stefanie Lupo","image":{"@type":"ImageObject","inLanguage":"de","@id":"https:\/\/secure.gravatar.com\/avatar\/e9e73bb1271196f0510f3f1ebd8d54f92fae15ea77ab2e9f617199e99ed2ffa3?s=96&d=identicon&r=g","url":"https:\/\/secure.gravatar.com\/avatar\/e9e73bb1271196f0510f3f1ebd8d54f92fae15ea77ab2e9f617199e99ed2ffa3?s=96&d=identicon&r=g","contentUrl":"https:\/\/secure.gravatar.com\/avatar\/e9e73bb1271196f0510f3f1ebd8d54f92fae15ea77ab2e9f617199e99ed2ffa3?s=96&d=identicon&r=g","caption":"Stefanie Lupo"},"sameAs":["https:\/\/artif.com\/"]}]}},"publishpress_future_action":{"enabled":false,"date":"2026-05-01 19:26:31","action":"change-status","newStatus":"draft","terms":[],"taxonomy":"category","extraData":[]},"publishpress_future_workflow_manual_trigger":{"enabledWorkflows":[]},"_links":{"self":[{"href":"https:\/\/artif.com\/blog\/wp-json\/wp\/v2\/posts\/3272","targetHints":{"allow":["GET"]}}],"collection":[{"href":"https:\/\/artif.com\/blog\/wp-json\/wp\/v2\/posts"}],"about":[{"href":"https:\/\/artif.com\/blog\/wp-json\/wp\/v2\/types\/post"}],"author":[{"embeddable":true,"href":"https:\/\/artif.com\/blog\/wp-json\/wp\/v2\/users\/16"}],"replies":[{"embeddable":true,"href":"https:\/\/artif.com\/blog\/wp-json\/wp\/v2\/comments?post=3272"}],"version-history":[{"count":2,"href":"https:\/\/artif.com\/blog\/wp-json\/wp\/v2\/posts\/3272\/revisions"}],"predecessor-version":[{"id":3275,"href":"https:\/\/artif.com\/blog\/wp-json\/wp\/v2\/posts\/3272\/revisions\/3275"}],"wp:featuredmedia":[{"embeddable":true,"href":"https:\/\/artif.com\/blog\/wp-json\/wp\/v2\/media\/3273"}],"wp:attachment":[{"href":"https:\/\/artif.com\/blog\/wp-json\/wp\/v2\/media?parent=3272"}],"wp:term":[{"taxonomy":"category","embeddable":true,"href":"https:\/\/artif.com\/blog\/wp-json\/wp\/v2\/categories?post=3272"},{"taxonomy":"post_tag","embeddable":true,"href":"https:\/\/artif.com\/blog\/wp-json\/wp\/v2\/tags?post=3272"}],"curies":[{"name":"wp","href":"https:\/\/api.w.org\/{rel}","templated":true}]}}