{"id":3255,"date":"2025-12-19T11:10:26","date_gmt":"2025-12-19T10:10:26","guid":{"rendered":"https:\/\/artif.com\/blog\/?p=3255"},"modified":"2026-02-17T10:14:01","modified_gmt":"2026-02-17T09:14:01","slug":"artif-wuenscht-frohe-weihnachten","status":"publish","type":"post","link":"https:\/\/artif.com\/blog\/artif-wuenscht-frohe-weihnachten.html","title":{"rendered":"artif w\u00fcnscht frohe Weihnachten \u2013 und eine kleine Geschichte haben wir auch"},"content":{"rendered":"\n<p>Liebe Kundinnen und Kunden,<\/p>\n\n\n\n<p>wir bedanken uns herzlich f\u00fcr die vertrauensvolle Zusammenarbeit im Jahr 2025.<\/p>\n\n\n\n<p>Wie jedes Jahr wollte artif seinen treuen Kunden etwas schenken, das von Herzen kommt.<br>Etwas Warmes, Pers\u00f6nliches \u2013 und etwas, das unsere Zusammenarbeit symbolisiert.<\/p>\n\n\n\n<p>Darum entstand in diesem Jahr eine kleine Geschichte:<\/p>\n\n\n\n<h2 class=\"wp-block-heading\"><strong>\u201eDie Geschichte vom Fr\u00fcchtebrot\u201c<\/strong><\/h2>\n\n\n\n<p>Mit arti, Meister Bytebrot und einer Botschaft, die uns am Herzen liegt:<br><strong>Freude schenken.<\/strong><\/p>\n\n\n\n<p>Die vollst\u00e4ndige Geschichte k\u00f6nnen Sie<a href=\"https:\/\/artif.com\/blog\/wp-content\/uploads\/2025\/12\/Weihnachtsgeschichte-Fruechtebrot.pdf\"> hier lesen oder als PDF herunterladen<em>.<\/em><\/a><\/p>\n\n\n\n<p>Wir genie\u00dfen die ruhige Zeit zwischen den Jahren und freuen uns darauf,<br><strong>ab 12. Januar 2026<\/strong> wieder gemeinsam mit Ihnen durchzustarten.<\/p>\n\n\n\n<p>Frohe Weihnachten<br>und herzliche Gr\u00fc\u00dfe,<br><strong>Ihr artif-Team<\/strong><\/p>\n\n\n\n<p><\/p>\n","protected":false},"excerpt":{"rendered":"<p>Liebe Kundinnen und Kunden, wir bedanken uns herzlich f\u00fcr die vertrauensvolle Zusammenarbeit im Jahr 2025. Wie jedes Jahr wollte artif seinen treuen Kunden etwas schenken, das von Herzen kommt.Etwas Warmes, Pers\u00f6nliches \u2013 und etwas, das unsere Zusammenarbeit symbolisiert. Darum entstand in diesem Jahr eine kleine Geschichte: \u201eDie Geschichte vom Fr\u00fcchtebrot\u201c Mit arti, Meister Bytebrot und&#8230;<\/p>\n<p><span class=\"hidden-desktop article_mobileCategory\"><a href=\"https:\/\/artif.com\/blog\/category\/allgemein\" title=\"Alle Artikel in Allgemein\"><span class=\"hidden-desktop articleCategory_icon icon-allgemein\"><\/span> Allgemein<\/a><\/span><a class=\"article_moreLink\" href=\"https:\/\/artif.com\/blog\/artif-wuenscht-frohe-weihnachten.html\" aria-label=\"Weiterlesen: artif w\u00fcnscht frohe Weihnachten \u2013 und eine kleine Geschichte haben wir auch\"><span class=\"icon icon-readmore\"><\/span> Weiterlesen<\/a><\/p>\n","protected":false},"author":16,"featured_media":3257,"comment_status":"open","ping_status":"open","sticky":false,"template":"","format":"standard","meta":{"footnotes":""},"categories":[1],"tags":[],"class_list":["post-3255","post","type-post","status-publish","format-standard","has-post-thumbnail","hentry","category-allgemein"],"yoast_head":"<!-- This site is optimized with the Yoast SEO plugin v27.5 - https:\/\/yoast.com\/product\/yoast-seo-wordpress\/ -->\n<title>artif w\u00fcnscht frohe Weihnachten \u2013 und eine kleine Geschichte haben wir auch - Blog artif T\u00fcbingen<\/title>\n<meta name=\"description\" content=\"Eine warmherzige Weihnachtsgeschichte mit arti &amp; Meister Bytebrot: Wie ein Fr\u00fcchtebrot zum Symbol f\u00fcr Zusammenarbeit, Wertsch\u00e4tzung und Freude wurde.\" \/>\n<meta name=\"robots\" content=\"index, follow, max-snippet:-1, max-image-preview:large, max-video-preview:-1\" \/>\n<link rel=\"canonical\" href=\"https:\/\/artif.com\/blog\/artif-wuenscht-frohe-weihnachten.html\" \/>\n<meta property=\"og:locale\" content=\"de_DE\" \/>\n<meta property=\"og:type\" content=\"article\" \/>\n<meta property=\"og:title\" content=\"artif w\u00fcnscht frohe Weihnachten \u2013 und eine kleine Geschichte haben wir auch - Blog artif T\u00fcbingen\" \/>\n<meta property=\"og:description\" content=\"Eine warmherzige Weihnachtsgeschichte mit arti &amp; Meister Bytebrot: Wie ein Fr\u00fcchtebrot zum Symbol f\u00fcr Zusammenarbeit, Wertsch\u00e4tzung und Freude wurde.\" \/>\n<meta property=\"og:url\" content=\"https:\/\/artif.com\/blog\/artif-wuenscht-frohe-weihnachten.html\" \/>\n<meta property=\"og:site_name\" content=\"Blog artif T\u00fcbingen\" \/>\n<meta property=\"article:publisher\" content=\"https:\/\/www.facebook.com\/pages\/TYPO3-Agentur-artif-Gmbh-Co-KG\/101490748200\" \/>\n<meta property=\"article:published_time\" content=\"2025-12-19T10:10:26+00:00\" \/>\n<meta property=\"article:modified_time\" content=\"2026-02-17T09:14:01+00:00\" \/>\n<meta property=\"og:image\" content=\"https:\/\/artif.com\/blog\/wp-content\/uploads\/2025\/12\/arti-frohe-weihnachten-2025.png\" \/>\n\t<meta property=\"og:image:width\" content=\"800\" \/>\n\t<meta property=\"og:image:height\" content=\"800\" \/>\n\t<meta property=\"og:image:type\" content=\"image\/png\" \/>\n<meta name=\"author\" content=\"Stefanie Lupo\" \/>\n<meta name=\"twitter:card\" content=\"summary_large_image\" \/>\n<meta name=\"twitter:creator\" content=\"@artifcom\" \/>\n<meta name=\"twitter:site\" content=\"@artifcom\" \/>\n<meta name=\"twitter:label1\" content=\"Verfasst von\" \/>\n\t<meta name=\"twitter:data1\" content=\"Stefanie Lupo\" \/>\n\t<meta name=\"twitter:label2\" content=\"Gesch\u00e4tzte Lesezeit\" \/>\n\t<meta name=\"twitter:data2\" content=\"1\u00a0Minute\" \/>\n<script type=\"application\/ld+json\" class=\"yoast-schema-graph\">{\"@context\":\"https:\\\/\\\/schema.org\",\"@graph\":[{\"@type\":\"Article\",\"@id\":\"https:\\\/\\\/artif.com\\\/blog\\\/artif-wuenscht-frohe-weihnachten.html#article\",\"isPartOf\":{\"@id\":\"https:\\\/\\\/artif.com\\\/blog\\\/artif-wuenscht-frohe-weihnachten.html\"},\"author\":{\"name\":\"Stefanie Lupo\",\"@id\":\"https:\\\/\\\/artif.com\\\/blog\\\/#\\\/schema\\\/person\\\/74fb36861a7a1aa3813b8893469b10b8\"},\"headline\":\"artif w\u00fcnscht frohe Weihnachten \u2013 und eine kleine Geschichte haben wir auch\",\"datePublished\":\"2025-12-19T10:10:26+00:00\",\"dateModified\":\"2026-02-17T09:14:01+00:00\",\"mainEntityOfPage\":{\"@id\":\"https:\\\/\\\/artif.com\\\/blog\\\/artif-wuenscht-frohe-weihnachten.html\"},\"wordCount\":118,\"commentCount\":0,\"publisher\":{\"@id\":\"https:\\\/\\\/artif.com\\\/blog\\\/#organization\"},\"image\":{\"@id\":\"https:\\\/\\\/artif.com\\\/blog\\\/artif-wuenscht-frohe-weihnachten.html#primaryimage\"},\"thumbnailUrl\":\"https:\\\/\\\/artif.com\\\/blog\\\/wp-content\\\/uploads\\\/2025\\\/12\\\/arti-frohe-weihnachten-2025.png\",\"inLanguage\":\"de\",\"potentialAction\":[{\"@type\":\"CommentAction\",\"name\":\"Comment\",\"target\":[\"https:\\\/\\\/artif.com\\\/blog\\\/artif-wuenscht-frohe-weihnachten.html#respond\"]}]},{\"@type\":\"WebPage\",\"@id\":\"https:\\\/\\\/artif.com\\\/blog\\\/artif-wuenscht-frohe-weihnachten.html\",\"url\":\"https:\\\/\\\/artif.com\\\/blog\\\/artif-wuenscht-frohe-weihnachten.html\",\"name\":\"artif w\u00fcnscht frohe Weihnachten \u2013 und eine kleine Geschichte haben wir auch - Blog artif T\u00fcbingen\",\"isPartOf\":{\"@id\":\"https:\\\/\\\/artif.com\\\/blog\\\/#website\"},\"primaryImageOfPage\":{\"@id\":\"https:\\\/\\\/artif.com\\\/blog\\\/artif-wuenscht-frohe-weihnachten.html#primaryimage\"},\"image\":{\"@id\":\"https:\\\/\\\/artif.com\\\/blog\\\/artif-wuenscht-frohe-weihnachten.html#primaryimage\"},\"thumbnailUrl\":\"https:\\\/\\\/artif.com\\\/blog\\\/wp-content\\\/uploads\\\/2025\\\/12\\\/arti-frohe-weihnachten-2025.png\",\"datePublished\":\"2025-12-19T10:10:26+00:00\",\"dateModified\":\"2026-02-17T09:14:01+00:00\",\"description\":\"Eine warmherzige Weihnachtsgeschichte mit arti & Meister Bytebrot: Wie ein Fr\u00fcchtebrot zum Symbol f\u00fcr Zusammenarbeit, Wertsch\u00e4tzung und Freude wurde.\",\"breadcrumb\":{\"@id\":\"https:\\\/\\\/artif.com\\\/blog\\\/artif-wuenscht-frohe-weihnachten.html#breadcrumb\"},\"inLanguage\":\"de\",\"potentialAction\":[{\"@type\":\"ReadAction\",\"target\":[\"https:\\\/\\\/artif.com\\\/blog\\\/artif-wuenscht-frohe-weihnachten.html\"]}]},{\"@type\":\"ImageObject\",\"inLanguage\":\"de\",\"@id\":\"https:\\\/\\\/artif.com\\\/blog\\\/artif-wuenscht-frohe-weihnachten.html#primaryimage\",\"url\":\"https:\\\/\\\/artif.com\\\/blog\\\/wp-content\\\/uploads\\\/2025\\\/12\\\/arti-frohe-weihnachten-2025.png\",\"contentUrl\":\"https:\\\/\\\/artif.com\\\/blog\\\/wp-content\\\/uploads\\\/2025\\\/12\\\/arti-frohe-weihnachten-2025.png\",\"width\":800,\"height\":800,\"caption\":\"artif und byte w\u00fcnschen frohe Weihnachten\"},{\"@type\":\"BreadcrumbList\",\"@id\":\"https:\\\/\\\/artif.com\\\/blog\\\/artif-wuenscht-frohe-weihnachten.html#breadcrumb\",\"itemListElement\":[{\"@type\":\"ListItem\",\"position\":1,\"name\":\"Startseite\",\"item\":\"https:\\\/\\\/artif.com\\\/blog\"},{\"@type\":\"ListItem\",\"position\":2,\"name\":\"artif w\u00fcnscht frohe Weihnachten \u2013 und eine kleine Geschichte haben wir auch\"}]},{\"@type\":\"WebSite\",\"@id\":\"https:\\\/\\\/artif.com\\\/blog\\\/#website\",\"url\":\"https:\\\/\\\/artif.com\\\/blog\\\/\",\"name\":\"Blog artif T\u00fcbingen\",\"description\":\"Blog von artif aus T\u00fcbingen: Internetagentur, Webdesign und TYPO3 von den Web Experts f\u00fcr Internet und Intranet aus T\u00fcbingen.\",\"publisher\":{\"@id\":\"https:\\\/\\\/artif.com\\\/blog\\\/#organization\"},\"potentialAction\":[{\"@type\":\"SearchAction\",\"target\":{\"@type\":\"EntryPoint\",\"urlTemplate\":\"https:\\\/\\\/artif.com\\\/blog\\\/?s={search_term_string}\"},\"query-input\":{\"@type\":\"PropertyValueSpecification\",\"valueRequired\":true,\"valueName\":\"search_term_string\"}}],\"inLanguage\":\"de\"},{\"@type\":\"Organization\",\"@id\":\"https:\\\/\\\/artif.com\\\/blog\\\/#organization\",\"name\":\"artif T\u00fcbingen\",\"url\":\"https:\\\/\\\/artif.com\\\/blog\\\/\",\"logo\":{\"@type\":\"ImageObject\",\"inLanguage\":\"de\",\"@id\":\"https:\\\/\\\/artif.com\\\/blog\\\/#\\\/schema\\\/logo\\\/image\\\/\",\"url\":\"https:\\\/\\\/artif.com\\\/blog\\\/wp-content\\\/uploads\\\/2021\\\/03\\\/logo-artif-cs5_rgb.png\",\"contentUrl\":\"https:\\\/\\\/artif.com\\\/blog\\\/wp-content\\\/uploads\\\/2021\\\/03\\\/logo-artif-cs5_rgb.png\",\"width\":1902,\"height\":528,\"caption\":\"artif T\u00fcbingen\"},\"image\":{\"@id\":\"https:\\\/\\\/artif.com\\\/blog\\\/#\\\/schema\\\/logo\\\/image\\\/\"},\"sameAs\":[\"https:\\\/\\\/www.facebook.com\\\/pages\\\/TYPO3-Agentur-artif-Gmbh-Co-KG\\\/101490748200\",\"https:\\\/\\\/x.com\\\/artifcom\"]},{\"@type\":\"Person\",\"@id\":\"https:\\\/\\\/artif.com\\\/blog\\\/#\\\/schema\\\/person\\\/74fb36861a7a1aa3813b8893469b10b8\",\"name\":\"Stefanie Lupo\",\"image\":{\"@type\":\"ImageObject\",\"inLanguage\":\"de\",\"@id\":\"https:\\\/\\\/secure.gravatar.com\\\/avatar\\\/e9e73bb1271196f0510f3f1ebd8d54f92fae15ea77ab2e9f617199e99ed2ffa3?s=96&d=identicon&r=g\",\"url\":\"https:\\\/\\\/secure.gravatar.com\\\/avatar\\\/e9e73bb1271196f0510f3f1ebd8d54f92fae15ea77ab2e9f617199e99ed2ffa3?s=96&d=identicon&r=g\",\"contentUrl\":\"https:\\\/\\\/secure.gravatar.com\\\/avatar\\\/e9e73bb1271196f0510f3f1ebd8d54f92fae15ea77ab2e9f617199e99ed2ffa3?s=96&d=identicon&r=g\",\"caption\":\"Stefanie Lupo\"},\"sameAs\":[\"https:\\\/\\\/artif.com\\\/\"]}]}<\/script>\n<!-- \/ Yoast SEO plugin. -->","yoast_head_json":{"title":"artif w\u00fcnscht frohe Weihnachten \u2013 und eine kleine Geschichte haben wir auch - Blog artif T\u00fcbingen","description":"Eine warmherzige Weihnachtsgeschichte mit arti & Meister Bytebrot: Wie ein Fr\u00fcchtebrot zum Symbol f\u00fcr Zusammenarbeit, Wertsch\u00e4tzung und Freude wurde.","robots":{"index":"index","follow":"follow","max-snippet":"max-snippet:-1","max-image-preview":"max-image-preview:large","max-video-preview":"max-video-preview:-1"},"canonical":"https:\/\/artif.com\/blog\/artif-wuenscht-frohe-weihnachten.html","og_locale":"de_DE","og_type":"article","og_title":"artif w\u00fcnscht frohe Weihnachten \u2013 und eine kleine Geschichte haben wir auch - Blog artif T\u00fcbingen","og_description":"Eine warmherzige Weihnachtsgeschichte mit arti & Meister Bytebrot: Wie ein Fr\u00fcchtebrot zum Symbol f\u00fcr Zusammenarbeit, Wertsch\u00e4tzung und Freude wurde.","og_url":"https:\/\/artif.com\/blog\/artif-wuenscht-frohe-weihnachten.html","og_site_name":"Blog artif T\u00fcbingen","article_publisher":"https:\/\/www.facebook.com\/pages\/TYPO3-Agentur-artif-Gmbh-Co-KG\/101490748200","article_published_time":"2025-12-19T10:10:26+00:00","article_modified_time":"2026-02-17T09:14:01+00:00","og_image":[{"width":800,"height":800,"url":"https:\/\/artif.com\/blog\/wp-content\/uploads\/2025\/12\/arti-frohe-weihnachten-2025.png","type":"image\/png"}],"author":"Stefanie Lupo","twitter_card":"summary_large_image","twitter_creator":"@artifcom","twitter_site":"@artifcom","twitter_misc":{"Verfasst von":"Stefanie Lupo","Gesch\u00e4tzte Lesezeit":"1\u00a0Minute"},"schema":{"@context":"https:\/\/schema.org","@graph":[{"@type":"Article","@id":"https:\/\/artif.com\/blog\/artif-wuenscht-frohe-weihnachten.html#article","isPartOf":{"@id":"https:\/\/artif.com\/blog\/artif-wuenscht-frohe-weihnachten.html"},"author":{"name":"Stefanie Lupo","@id":"https:\/\/artif.com\/blog\/#\/schema\/person\/74fb36861a7a1aa3813b8893469b10b8"},"headline":"artif w\u00fcnscht frohe Weihnachten \u2013 und eine kleine Geschichte haben wir auch","datePublished":"2025-12-19T10:10:26+00:00","dateModified":"2026-02-17T09:14:01+00:00","mainEntityOfPage":{"@id":"https:\/\/artif.com\/blog\/artif-wuenscht-frohe-weihnachten.html"},"wordCount":118,"commentCount":0,"publisher":{"@id":"https:\/\/artif.com\/blog\/#organization"},"image":{"@id":"https:\/\/artif.com\/blog\/artif-wuenscht-frohe-weihnachten.html#primaryimage"},"thumbnailUrl":"https:\/\/artif.com\/blog\/wp-content\/uploads\/2025\/12\/arti-frohe-weihnachten-2025.png","inLanguage":"de","potentialAction":[{"@type":"CommentAction","name":"Comment","target":["https:\/\/artif.com\/blog\/artif-wuenscht-frohe-weihnachten.html#respond"]}]},{"@type":"WebPage","@id":"https:\/\/artif.com\/blog\/artif-wuenscht-frohe-weihnachten.html","url":"https:\/\/artif.com\/blog\/artif-wuenscht-frohe-weihnachten.html","name":"artif w\u00fcnscht frohe Weihnachten \u2013 und eine kleine Geschichte haben wir auch - Blog artif T\u00fcbingen","isPartOf":{"@id":"https:\/\/artif.com\/blog\/#website"},"primaryImageOfPage":{"@id":"https:\/\/artif.com\/blog\/artif-wuenscht-frohe-weihnachten.html#primaryimage"},"image":{"@id":"https:\/\/artif.com\/blog\/artif-wuenscht-frohe-weihnachten.html#primaryimage"},"thumbnailUrl":"https:\/\/artif.com\/blog\/wp-content\/uploads\/2025\/12\/arti-frohe-weihnachten-2025.png","datePublished":"2025-12-19T10:10:26+00:00","dateModified":"2026-02-17T09:14:01+00:00","description":"Eine warmherzige Weihnachtsgeschichte mit arti & Meister Bytebrot: Wie ein Fr\u00fcchtebrot zum Symbol f\u00fcr Zusammenarbeit, Wertsch\u00e4tzung und Freude wurde.","breadcrumb":{"@id":"https:\/\/artif.com\/blog\/artif-wuenscht-frohe-weihnachten.html#breadcrumb"},"inLanguage":"de","potentialAction":[{"@type":"ReadAction","target":["https:\/\/artif.com\/blog\/artif-wuenscht-frohe-weihnachten.html"]}]},{"@type":"ImageObject","inLanguage":"de","@id":"https:\/\/artif.com\/blog\/artif-wuenscht-frohe-weihnachten.html#primaryimage","url":"https:\/\/artif.com\/blog\/wp-content\/uploads\/2025\/12\/arti-frohe-weihnachten-2025.png","contentUrl":"https:\/\/artif.com\/blog\/wp-content\/uploads\/2025\/12\/arti-frohe-weihnachten-2025.png","width":800,"height":800,"caption":"artif und byte w\u00fcnschen frohe Weihnachten"},{"@type":"BreadcrumbList","@id":"https:\/\/artif.com\/blog\/artif-wuenscht-frohe-weihnachten.html#breadcrumb","itemListElement":[{"@type":"ListItem","position":1,"name":"Startseite","item":"https:\/\/artif.com\/blog"},{"@type":"ListItem","position":2,"name":"artif w\u00fcnscht frohe Weihnachten \u2013 und eine kleine Geschichte haben wir auch"}]},{"@type":"WebSite","@id":"https:\/\/artif.com\/blog\/#website","url":"https:\/\/artif.com\/blog\/","name":"Blog artif T\u00fcbingen","description":"Blog von artif aus T\u00fcbingen: Internetagentur, Webdesign und TYPO3 von den Web Experts f\u00fcr Internet und Intranet aus T\u00fcbingen.","publisher":{"@id":"https:\/\/artif.com\/blog\/#organization"},"potentialAction":[{"@type":"SearchAction","target":{"@type":"EntryPoint","urlTemplate":"https:\/\/artif.com\/blog\/?s={search_term_string}"},"query-input":{"@type":"PropertyValueSpecification","valueRequired":true,"valueName":"search_term_string"}}],"inLanguage":"de"},{"@type":"Organization","@id":"https:\/\/artif.com\/blog\/#organization","name":"artif T\u00fcbingen","url":"https:\/\/artif.com\/blog\/","logo":{"@type":"ImageObject","inLanguage":"de","@id":"https:\/\/artif.com\/blog\/#\/schema\/logo\/image\/","url":"https:\/\/artif.com\/blog\/wp-content\/uploads\/2021\/03\/logo-artif-cs5_rgb.png","contentUrl":"https:\/\/artif.com\/blog\/wp-content\/uploads\/2021\/03\/logo-artif-cs5_rgb.png","width":1902,"height":528,"caption":"artif T\u00fcbingen"},"image":{"@id":"https:\/\/artif.com\/blog\/#\/schema\/logo\/image\/"},"sameAs":["https:\/\/www.facebook.com\/pages\/TYPO3-Agentur-artif-Gmbh-Co-KG\/101490748200","https:\/\/x.com\/artifcom"]},{"@type":"Person","@id":"https:\/\/artif.com\/blog\/#\/schema\/person\/74fb36861a7a1aa3813b8893469b10b8","name":"Stefanie Lupo","image":{"@type":"ImageObject","inLanguage":"de","@id":"https:\/\/secure.gravatar.com\/avatar\/e9e73bb1271196f0510f3f1ebd8d54f92fae15ea77ab2e9f617199e99ed2ffa3?s=96&d=identicon&r=g","url":"https:\/\/secure.gravatar.com\/avatar\/e9e73bb1271196f0510f3f1ebd8d54f92fae15ea77ab2e9f617199e99ed2ffa3?s=96&d=identicon&r=g","contentUrl":"https:\/\/secure.gravatar.com\/avatar\/e9e73bb1271196f0510f3f1ebd8d54f92fae15ea77ab2e9f617199e99ed2ffa3?s=96&d=identicon&r=g","caption":"Stefanie Lupo"},"sameAs":["https:\/\/artif.com\/"]}]}},"publishpress_future_action":{"enabled":false,"date":"2026-05-02 09:25:14","action":"change-status","newStatus":"draft","terms":[],"taxonomy":"category","extraData":[]},"publishpress_future_workflow_manual_trigger":{"enabledWorkflows":[]},"_links":{"self":[{"href":"https:\/\/artif.com\/blog\/wp-json\/wp\/v2\/posts\/3255","targetHints":{"allow":["GET"]}}],"collection":[{"href":"https:\/\/artif.com\/blog\/wp-json\/wp\/v2\/posts"}],"about":[{"href":"https:\/\/artif.com\/blog\/wp-json\/wp\/v2\/types\/post"}],"author":[{"embeddable":true,"href":"https:\/\/artif.com\/blog\/wp-json\/wp\/v2\/users\/16"}],"replies":[{"embeddable":true,"href":"https:\/\/artif.com\/blog\/wp-json\/wp\/v2\/comments?post=3255"}],"version-history":[{"count":3,"href":"https:\/\/artif.com\/blog\/wp-json\/wp\/v2\/posts\/3255\/revisions"}],"predecessor-version":[{"id":3268,"href":"https:\/\/artif.com\/blog\/wp-json\/wp\/v2\/posts\/3255\/revisions\/3268"}],"wp:featuredmedia":[{"embeddable":true,"href":"https:\/\/artif.com\/blog\/wp-json\/wp\/v2\/media\/3257"}],"wp:attachment":[{"href":"https:\/\/artif.com\/blog\/wp-json\/wp\/v2\/media?parent=3255"}],"wp:term":[{"taxonomy":"category","embeddable":true,"href":"https:\/\/artif.com\/blog\/wp-json\/wp\/v2\/categories?post=3255"},{"taxonomy":"post_tag","embeddable":true,"href":"https:\/\/artif.com\/blog\/wp-json\/wp\/v2\/tags?post=3255"}],"curies":[{"name":"wp","href":"https:\/\/api.w.org\/{rel}","templated":true}]}}