{"id":2335,"date":"2021-10-24T18:16:33","date_gmt":"2021-10-24T16:16:33","guid":{"rendered":"https:\/\/artif.com\/blog\/?p=2335"},"modified":"2025-04-04T10:19:31","modified_gmt":"2025-04-04T08:19:31","slug":"migration-der-schulhomepage-von-belwue-zu-artif","status":"publish","type":"post","link":"https:\/\/artif.com\/blog\/migration-der-schulhomepage-von-belwue-zu-artif.html","title":{"rendered":"Migration der Schulwebsite von BelWue zu artif"},"content":{"rendered":"\n<p>Im Mai hat das Kultusministerium bekannt gegeben, da\u00df BelWue bald die Dienste f\u00fcr Schulen einstellen wird. So schreibt das Kultusministerium am 3.05.2021 in seiner <a href=\"https:\/\/km-bw.de\/,Len\/startseite\/service\/2021-05-03-stellungnahme-zur-refokussierung-von-belwue\" target=\"_blank\" rel=\"noreferrer noopener\">&#8222;Stellungnahme zur IT-Versorgung der Schulen durch BelW\u00fc&#8220;<\/a><\/p>\n\n\n\n<p>Beim Dienstleister BelW\u00fc gibt es zwingende Ver\u00e4nderungen, welche auch die Schulen betreffen. Die Schulen erhalten jedoch ausreichend Vorlaufzeit, um eigene Homepages und Moodle-Instanzen, die von BelW\u00fc betrieben werden umzustellen. Der Betrieb der Landesl\u00f6sung Moodle sowie der E-Mail-Services ist langfristig sichergestellt.<\/p>\n\n\n\n<p>Weiter hei\u00dft es: &#8222;Die Entscheidung ist einvernehmlich zwischen dem Ministerium f\u00fcr Wissenschaft, Forschung und Kunst und dem Ministerium f\u00fcr Kultus, Jugend und Sport getroffen worden.&#8220;<\/p>\n\n\n\n<p>Die f\u00fcr die Schulen besonders wichtigen Dienstleistungen f\u00fcr Moodle und die E-Mail-Services werden vorerst weiterhin durch BelW\u00fc zur Verf\u00fcgung gestellt. Vor einem Auslaufen dieser Dienste bei BelW\u00fc wird von Seiten des Kultusministeriums eine Nachfolgel\u00f6sung f\u00fcr schulische E-Mail-Services sowie f\u00fcr den Betrieb von Moodle bereitgestellt.<\/p>\n\n\n\n<p>artif erbringt seit vielen Jahren Internet-Dienstleistungen f\u00fcr Schulen und so ist es nicht verwunderlich, da\u00df auch in diesem Fall einige Schulen mehr ihre Website zur artif umgezogen haben. Egal welches Technik Sie einsetzen, TYPO3, WordPress, Joomla, ein anderes CMS oder einfach eine statische Website. Wir helfen Ihnen bei der Migration.<\/p>\n\n\n\n<p>Nun wird es f\u00fcr alle Schulen ernst, die sich noch nicht f\u00fcr einen neuen Dienstleister f\u00fcr die Website entschieden haben. BelWue hat die Schulen informiert, da\u00df die Websites bis sp\u00e4testens 31.10.2021 umgezogen sein m\u00fcssen.<\/p>\n\n\n\n<p>Falls Sie noch kurzfristig Unterst\u00fctzung ben\u00f6tigen, <a href=\"https:\/\/artif.com\/kontakt.html\" target=\"_blank\" rel=\"noreferrer noopener\">z\u00f6gern Sie nicht uns zu kontaktieren<\/a>. Wir helfen und unterst\u00fctzen Sie gerne.<\/p>\n\n\n\n<p><\/p>\n\n\n\n<p><\/p>\n","protected":false},"excerpt":{"rendered":"<p>Im Mai hat das Kultusministerium bekannt gegeben, da\u00df BelWue bald die Dienste f\u00fcr Schulen einstellen wird. So schreibt das Kultusministerium am 3.05.2021 in seiner &#8222;Stellungnahme zur IT-Versorgung der Schulen durch BelW\u00fc&#8220; Beim Dienstleister BelW\u00fc gibt es zwingende Ver\u00e4nderungen, welche auch die Schulen betreffen. Die Schulen erhalten jedoch ausreichend Vorlaufzeit, um eigene Homepages und Moodle-Instanzen, die&#8230;<\/p>\n<p><span class=\"hidden-desktop article_mobileCategory\"><a href=\"https:\/\/artif.com\/blog\/category\/typo3\" title=\"Alle Artikel in TYPO3\"><span class=\"hidden-desktop articleCategory_icon icon-typo3\"><\/span> TYPO3<\/a><\/span><span class=\"hidden-desktop article_mobileCategory\"><a href=\"https:\/\/artif.com\/blog\/category\/allgemein\" title=\"Alle Artikel in Allgemein\"><span class=\"hidden-desktop articleCategory_icon icon-allgemein\"><\/span> Allgemein<\/a><\/span><a class=\"article_moreLink\" href=\"https:\/\/artif.com\/blog\/migration-der-schulhomepage-von-belwue-zu-artif.html\" aria-label=\"Weiterlesen: Migration der Schulwebsite von BelWue zu artif\"><span class=\"icon icon-readmore\"><\/span> Weiterlesen<\/a><\/p>\n","protected":false},"author":4,"featured_media":0,"comment_status":"open","ping_status":"open","sticky":false,"template":"","format":"standard","meta":{"footnotes":""},"categories":[6,1],"tags":[36,33,38],"class_list":["post-2335","post","type-post","status-publish","format-standard","hentry","category-typo3","category-allgemein","tag-responsive-webdesign","tag-typo3","tag-wordpress"],"yoast_head":"<!-- This site is optimized with the Yoast SEO plugin v27.4 - https:\/\/yoast.com\/product\/yoast-seo-wordpress\/ -->\n<title>Migration der Schulwebsite von BelWue zu artif - Blog artif T\u00fcbingen<\/title>\n<meta name=\"robots\" content=\"index, follow, max-snippet:-1, max-image-preview:large, max-video-preview:-1\" \/>\n<link rel=\"canonical\" href=\"https:\/\/artif.com\/blog\/migration-der-schulhomepage-von-belwue-zu-artif.html\" \/>\n<meta property=\"og:locale\" content=\"de_DE\" \/>\n<meta property=\"og:type\" content=\"article\" \/>\n<meta property=\"og:title\" content=\"Migration der Schulwebsite von BelWue zu artif - Blog artif T\u00fcbingen\" \/>\n<meta property=\"og:description\" content=\"Im Mai hat das Kultusministerium bekannt gegeben, da\u00df BelWue bald die Dienste f\u00fcr Schulen einstellen wird. So schreibt das Kultusministerium am 3.05.2021 in seiner &#8222;Stellungnahme zur IT-Versorgung der Schulen durch BelW\u00fc&#8220; Beim Dienstleister BelW\u00fc gibt es zwingende Ver\u00e4nderungen, welche auch die Schulen betreffen. Die Schulen erhalten jedoch ausreichend Vorlaufzeit, um eigene Homepages und Moodle-Instanzen, die... TYPO3 Allgemein Weiterlesen\" \/>\n<meta property=\"og:url\" content=\"https:\/\/artif.com\/blog\/migration-der-schulhomepage-von-belwue-zu-artif.html\" \/>\n<meta property=\"og:site_name\" content=\"Blog artif T\u00fcbingen\" \/>\n<meta property=\"article:publisher\" content=\"https:\/\/www.facebook.com\/pages\/TYPO3-Agentur-artif-Gmbh-Co-KG\/101490748200\" \/>\n<meta property=\"article:published_time\" content=\"2021-10-24T16:16:33+00:00\" \/>\n<meta property=\"article:modified_time\" content=\"2025-04-04T08:19:31+00:00\" \/>\n<meta property=\"og:image\" content=\"https:\/\/artif.com\/blog\/wp-content\/uploads\/2021\/05\/artif-logo.png\" \/>\n\t<meta property=\"og:image:width\" content=\"512\" \/>\n\t<meta property=\"og:image:height\" content=\"512\" \/>\n\t<meta property=\"og:image:type\" content=\"image\/png\" \/>\n<meta name=\"author\" content=\"Andreas Brus\" \/>\n<meta name=\"twitter:card\" content=\"summary_large_image\" \/>\n<meta name=\"twitter:creator\" content=\"@artifcom\" \/>\n<meta name=\"twitter:site\" content=\"@artifcom\" \/>\n<meta name=\"twitter:label1\" content=\"Verfasst von\" \/>\n\t<meta name=\"twitter:data1\" content=\"Andreas Brus\" \/>\n\t<meta name=\"twitter:label2\" content=\"Gesch\u00e4tzte Lesezeit\" \/>\n\t<meta name=\"twitter:data2\" content=\"2\u00a0Minuten\" \/>\n<script type=\"application\/ld+json\" class=\"yoast-schema-graph\">{\"@context\":\"https:\\\/\\\/schema.org\",\"@graph\":[{\"@type\":\"Article\",\"@id\":\"https:\\\/\\\/artif.com\\\/blog\\\/migration-der-schulhomepage-von-belwue-zu-artif.html#article\",\"isPartOf\":{\"@id\":\"https:\\\/\\\/artif.com\\\/blog\\\/migration-der-schulhomepage-von-belwue-zu-artif.html\"},\"author\":{\"name\":\"Andreas Brus\",\"@id\":\"https:\\\/\\\/artif.com\\\/blog\\\/#\\\/schema\\\/person\\\/23ac7b0aacd4a4c89b1961e28dd37c0a\"},\"headline\":\"Migration der Schulwebsite von BelWue zu artif\",\"datePublished\":\"2021-10-24T16:16:33+00:00\",\"dateModified\":\"2025-04-04T08:19:31+00:00\",\"mainEntityOfPage\":{\"@id\":\"https:\\\/\\\/artif.com\\\/blog\\\/migration-der-schulhomepage-von-belwue-zu-artif.html\"},\"wordCount\":269,\"commentCount\":0,\"publisher\":{\"@id\":\"https:\\\/\\\/artif.com\\\/blog\\\/#organization\"},\"keywords\":[\"Responsive Webdesign\",\"TYPO3\",\"WordPress\"],\"articleSection\":[\"TYPO3\"],\"inLanguage\":\"de\",\"potentialAction\":[{\"@type\":\"CommentAction\",\"name\":\"Comment\",\"target\":[\"https:\\\/\\\/artif.com\\\/blog\\\/migration-der-schulhomepage-von-belwue-zu-artif.html#respond\"]}]},{\"@type\":\"WebPage\",\"@id\":\"https:\\\/\\\/artif.com\\\/blog\\\/migration-der-schulhomepage-von-belwue-zu-artif.html\",\"url\":\"https:\\\/\\\/artif.com\\\/blog\\\/migration-der-schulhomepage-von-belwue-zu-artif.html\",\"name\":\"Migration der Schulwebsite von BelWue zu artif - Blog artif T\u00fcbingen\",\"isPartOf\":{\"@id\":\"https:\\\/\\\/artif.com\\\/blog\\\/#website\"},\"datePublished\":\"2021-10-24T16:16:33+00:00\",\"dateModified\":\"2025-04-04T08:19:31+00:00\",\"breadcrumb\":{\"@id\":\"https:\\\/\\\/artif.com\\\/blog\\\/migration-der-schulhomepage-von-belwue-zu-artif.html#breadcrumb\"},\"inLanguage\":\"de\",\"potentialAction\":[{\"@type\":\"ReadAction\",\"target\":[\"https:\\\/\\\/artif.com\\\/blog\\\/migration-der-schulhomepage-von-belwue-zu-artif.html\"]}]},{\"@type\":\"BreadcrumbList\",\"@id\":\"https:\\\/\\\/artif.com\\\/blog\\\/migration-der-schulhomepage-von-belwue-zu-artif.html#breadcrumb\",\"itemListElement\":[{\"@type\":\"ListItem\",\"position\":1,\"name\":\"Startseite\",\"item\":\"https:\\\/\\\/artif.com\\\/blog\"},{\"@type\":\"ListItem\",\"position\":2,\"name\":\"Migration der Schulwebsite von BelWue zu artif\"}]},{\"@type\":\"WebSite\",\"@id\":\"https:\\\/\\\/artif.com\\\/blog\\\/#website\",\"url\":\"https:\\\/\\\/artif.com\\\/blog\\\/\",\"name\":\"Blog artif T\u00fcbingen\",\"description\":\"Blog von artif aus T\u00fcbingen: Internetagentur, Webdesign und TYPO3 von den Web Experts f\u00fcr Internet und Intranet aus T\u00fcbingen.\",\"publisher\":{\"@id\":\"https:\\\/\\\/artif.com\\\/blog\\\/#organization\"},\"potentialAction\":[{\"@type\":\"SearchAction\",\"target\":{\"@type\":\"EntryPoint\",\"urlTemplate\":\"https:\\\/\\\/artif.com\\\/blog\\\/?s={search_term_string}\"},\"query-input\":{\"@type\":\"PropertyValueSpecification\",\"valueRequired\":true,\"valueName\":\"search_term_string\"}}],\"inLanguage\":\"de\"},{\"@type\":\"Organization\",\"@id\":\"https:\\\/\\\/artif.com\\\/blog\\\/#organization\",\"name\":\"artif T\u00fcbingen\",\"url\":\"https:\\\/\\\/artif.com\\\/blog\\\/\",\"logo\":{\"@type\":\"ImageObject\",\"inLanguage\":\"de\",\"@id\":\"https:\\\/\\\/artif.com\\\/blog\\\/#\\\/schema\\\/logo\\\/image\\\/\",\"url\":\"https:\\\/\\\/artif.com\\\/blog\\\/wp-content\\\/uploads\\\/2021\\\/03\\\/logo-artif-cs5_rgb.png\",\"contentUrl\":\"https:\\\/\\\/artif.com\\\/blog\\\/wp-content\\\/uploads\\\/2021\\\/03\\\/logo-artif-cs5_rgb.png\",\"width\":1902,\"height\":528,\"caption\":\"artif T\u00fcbingen\"},\"image\":{\"@id\":\"https:\\\/\\\/artif.com\\\/blog\\\/#\\\/schema\\\/logo\\\/image\\\/\"},\"sameAs\":[\"https:\\\/\\\/www.facebook.com\\\/pages\\\/TYPO3-Agentur-artif-Gmbh-Co-KG\\\/101490748200\",\"https:\\\/\\\/x.com\\\/artifcom\"]},{\"@type\":\"Person\",\"@id\":\"https:\\\/\\\/artif.com\\\/blog\\\/#\\\/schema\\\/person\\\/23ac7b0aacd4a4c89b1961e28dd37c0a\",\"name\":\"Andreas Brus\",\"image\":{\"@type\":\"ImageObject\",\"inLanguage\":\"de\",\"@id\":\"https:\\\/\\\/secure.gravatar.com\\\/avatar\\\/e1d9a4c933975d228f04533e41539195768e3917e60c27e2697f409c38d90d5f?s=96&d=identicon&r=g\",\"url\":\"https:\\\/\\\/secure.gravatar.com\\\/avatar\\\/e1d9a4c933975d228f04533e41539195768e3917e60c27e2697f409c38d90d5f?s=96&d=identicon&r=g\",\"contentUrl\":\"https:\\\/\\\/secure.gravatar.com\\\/avatar\\\/e1d9a4c933975d228f04533e41539195768e3917e60c27e2697f409c38d90d5f?s=96&d=identicon&r=g\",\"caption\":\"Andreas Brus\"},\"sameAs\":[\"https:\\\/\\\/artif.com\\\/\"]}]}<\/script>\n<!-- \/ Yoast SEO plugin. -->","yoast_head_json":{"title":"Migration der Schulwebsite von BelWue zu artif - Blog artif T\u00fcbingen","robots":{"index":"index","follow":"follow","max-snippet":"max-snippet:-1","max-image-preview":"max-image-preview:large","max-video-preview":"max-video-preview:-1"},"canonical":"https:\/\/artif.com\/blog\/migration-der-schulhomepage-von-belwue-zu-artif.html","og_locale":"de_DE","og_type":"article","og_title":"Migration der Schulwebsite von BelWue zu artif - Blog artif T\u00fcbingen","og_description":"Im Mai hat das Kultusministerium bekannt gegeben, da\u00df BelWue bald die Dienste f\u00fcr Schulen einstellen wird. So schreibt das Kultusministerium am 3.05.2021 in seiner &#8222;Stellungnahme zur IT-Versorgung der Schulen durch BelW\u00fc&#8220; Beim Dienstleister BelW\u00fc gibt es zwingende Ver\u00e4nderungen, welche auch die Schulen betreffen. Die Schulen erhalten jedoch ausreichend Vorlaufzeit, um eigene Homepages und Moodle-Instanzen, die... TYPO3 Allgemein Weiterlesen","og_url":"https:\/\/artif.com\/blog\/migration-der-schulhomepage-von-belwue-zu-artif.html","og_site_name":"Blog artif T\u00fcbingen","article_publisher":"https:\/\/www.facebook.com\/pages\/TYPO3-Agentur-artif-Gmbh-Co-KG\/101490748200","article_published_time":"2021-10-24T16:16:33+00:00","article_modified_time":"2025-04-04T08:19:31+00:00","og_image":[{"width":512,"height":512,"url":"https:\/\/artif.com\/blog\/wp-content\/uploads\/2021\/05\/artif-logo.png","type":"image\/png"}],"author":"Andreas Brus","twitter_card":"summary_large_image","twitter_creator":"@artifcom","twitter_site":"@artifcom","twitter_misc":{"Verfasst von":"Andreas Brus","Gesch\u00e4tzte Lesezeit":"2\u00a0Minuten"},"schema":{"@context":"https:\/\/schema.org","@graph":[{"@type":"Article","@id":"https:\/\/artif.com\/blog\/migration-der-schulhomepage-von-belwue-zu-artif.html#article","isPartOf":{"@id":"https:\/\/artif.com\/blog\/migration-der-schulhomepage-von-belwue-zu-artif.html"},"author":{"name":"Andreas Brus","@id":"https:\/\/artif.com\/blog\/#\/schema\/person\/23ac7b0aacd4a4c89b1961e28dd37c0a"},"headline":"Migration der Schulwebsite von BelWue zu artif","datePublished":"2021-10-24T16:16:33+00:00","dateModified":"2025-04-04T08:19:31+00:00","mainEntityOfPage":{"@id":"https:\/\/artif.com\/blog\/migration-der-schulhomepage-von-belwue-zu-artif.html"},"wordCount":269,"commentCount":0,"publisher":{"@id":"https:\/\/artif.com\/blog\/#organization"},"keywords":["Responsive Webdesign","TYPO3","WordPress"],"articleSection":["TYPO3"],"inLanguage":"de","potentialAction":[{"@type":"CommentAction","name":"Comment","target":["https:\/\/artif.com\/blog\/migration-der-schulhomepage-von-belwue-zu-artif.html#respond"]}]},{"@type":"WebPage","@id":"https:\/\/artif.com\/blog\/migration-der-schulhomepage-von-belwue-zu-artif.html","url":"https:\/\/artif.com\/blog\/migration-der-schulhomepage-von-belwue-zu-artif.html","name":"Migration der Schulwebsite von BelWue zu artif - Blog artif T\u00fcbingen","isPartOf":{"@id":"https:\/\/artif.com\/blog\/#website"},"datePublished":"2021-10-24T16:16:33+00:00","dateModified":"2025-04-04T08:19:31+00:00","breadcrumb":{"@id":"https:\/\/artif.com\/blog\/migration-der-schulhomepage-von-belwue-zu-artif.html#breadcrumb"},"inLanguage":"de","potentialAction":[{"@type":"ReadAction","target":["https:\/\/artif.com\/blog\/migration-der-schulhomepage-von-belwue-zu-artif.html"]}]},{"@type":"BreadcrumbList","@id":"https:\/\/artif.com\/blog\/migration-der-schulhomepage-von-belwue-zu-artif.html#breadcrumb","itemListElement":[{"@type":"ListItem","position":1,"name":"Startseite","item":"https:\/\/artif.com\/blog"},{"@type":"ListItem","position":2,"name":"Migration der Schulwebsite von BelWue zu artif"}]},{"@type":"WebSite","@id":"https:\/\/artif.com\/blog\/#website","url":"https:\/\/artif.com\/blog\/","name":"Blog artif T\u00fcbingen","description":"Blog von artif aus T\u00fcbingen: Internetagentur, Webdesign und TYPO3 von den Web Experts f\u00fcr Internet und Intranet aus T\u00fcbingen.","publisher":{"@id":"https:\/\/artif.com\/blog\/#organization"},"potentialAction":[{"@type":"SearchAction","target":{"@type":"EntryPoint","urlTemplate":"https:\/\/artif.com\/blog\/?s={search_term_string}"},"query-input":{"@type":"PropertyValueSpecification","valueRequired":true,"valueName":"search_term_string"}}],"inLanguage":"de"},{"@type":"Organization","@id":"https:\/\/artif.com\/blog\/#organization","name":"artif T\u00fcbingen","url":"https:\/\/artif.com\/blog\/","logo":{"@type":"ImageObject","inLanguage":"de","@id":"https:\/\/artif.com\/blog\/#\/schema\/logo\/image\/","url":"https:\/\/artif.com\/blog\/wp-content\/uploads\/2021\/03\/logo-artif-cs5_rgb.png","contentUrl":"https:\/\/artif.com\/blog\/wp-content\/uploads\/2021\/03\/logo-artif-cs5_rgb.png","width":1902,"height":528,"caption":"artif T\u00fcbingen"},"image":{"@id":"https:\/\/artif.com\/blog\/#\/schema\/logo\/image\/"},"sameAs":["https:\/\/www.facebook.com\/pages\/TYPO3-Agentur-artif-Gmbh-Co-KG\/101490748200","https:\/\/x.com\/artifcom"]},{"@type":"Person","@id":"https:\/\/artif.com\/blog\/#\/schema\/person\/23ac7b0aacd4a4c89b1961e28dd37c0a","name":"Andreas Brus","image":{"@type":"ImageObject","inLanguage":"de","@id":"https:\/\/secure.gravatar.com\/avatar\/e1d9a4c933975d228f04533e41539195768e3917e60c27e2697f409c38d90d5f?s=96&d=identicon&r=g","url":"https:\/\/secure.gravatar.com\/avatar\/e1d9a4c933975d228f04533e41539195768e3917e60c27e2697f409c38d90d5f?s=96&d=identicon&r=g","contentUrl":"https:\/\/secure.gravatar.com\/avatar\/e1d9a4c933975d228f04533e41539195768e3917e60c27e2697f409c38d90d5f?s=96&d=identicon&r=g","caption":"Andreas Brus"},"sameAs":["https:\/\/artif.com\/"]}]}},"publishpress_future_action":{"enabled":false,"date":"2026-04-27 09:33:26","action":"change-status","newStatus":"draft","terms":[],"taxonomy":"category","extraData":[]},"publishpress_future_workflow_manual_trigger":{"enabledWorkflows":[]},"_links":{"self":[{"href":"https:\/\/artif.com\/blog\/wp-json\/wp\/v2\/posts\/2335","targetHints":{"allow":["GET"]}}],"collection":[{"href":"https:\/\/artif.com\/blog\/wp-json\/wp\/v2\/posts"}],"about":[{"href":"https:\/\/artif.com\/blog\/wp-json\/wp\/v2\/types\/post"}],"author":[{"embeddable":true,"href":"https:\/\/artif.com\/blog\/wp-json\/wp\/v2\/users\/4"}],"replies":[{"embeddable":true,"href":"https:\/\/artif.com\/blog\/wp-json\/wp\/v2\/comments?post=2335"}],"version-history":[{"count":3,"href":"https:\/\/artif.com\/blog\/wp-json\/wp\/v2\/posts\/2335\/revisions"}],"predecessor-version":[{"id":3153,"href":"https:\/\/artif.com\/blog\/wp-json\/wp\/v2\/posts\/2335\/revisions\/3153"}],"wp:attachment":[{"href":"https:\/\/artif.com\/blog\/wp-json\/wp\/v2\/media?parent=2335"}],"wp:term":[{"taxonomy":"category","embeddable":true,"href":"https:\/\/artif.com\/blog\/wp-json\/wp\/v2\/categories?post=2335"},{"taxonomy":"post_tag","embeddable":true,"href":"https:\/\/artif.com\/blog\/wp-json\/wp\/v2\/tags?post=2335"}],"curies":[{"name":"wp","href":"https:\/\/api.w.org\/{rel}","templated":true}]}}