{"id":1310,"date":"2019-03-19T12:28:48","date_gmt":"2019-03-19T11:28:48","guid":{"rendered":"https:\/\/artif.com\/blog\/?p=1310"},"modified":"2026-04-07T09:58:09","modified_gmt":"2026-04-07T07:58:09","slug":"technik-akademie-2019-bei-artif","status":"publish","type":"post","link":"https:\/\/artif.com\/blog\/technik-akademie-2019-bei-artif.html","title":{"rendered":"Technik-Akademie 2019 bei uns"},"content":{"rendered":"\n<div class=\"wp-block-image\"><figure class=\"alignleft is-resized\"><img loading=\"lazy\" decoding=\"async\" src=\"https:\/\/artif.com\/blog\/wp-content\/uploads\/2019\/03\/Technik-Akademie2019-Team_Artif.png\" alt=\"\" class=\"wp-image-1311\" width=\"391\" height=\"218\" srcset=\"https:\/\/artif.com\/blog\/wp-content\/uploads\/2019\/03\/Technik-Akademie2019-Team_Artif.png 781w, https:\/\/artif.com\/blog\/wp-content\/uploads\/2019\/03\/Technik-Akademie2019-Team_Artif-300x167.png 300w, https:\/\/artif.com\/blog\/wp-content\/uploads\/2019\/03\/Technik-Akademie2019-Team_Artif-768x428.png 768w\" sizes=\"auto, (max-width: 391px) 100vw, 391px\" \/><\/figure><\/div>\n\n\n\n<p>In den Faschingsferien vom 04.03.- 08.03.2019 schnupperten bei uns wieder f\u00fcnf Sch\u00fcler der <strong>Technik-Akademie T\u00fcbingen<\/strong> in den Beruf des Mediengestalters. Es gab wie immer eine kurze Einf\u00fchrung \u00fcber unsere Arbeit bei artif, wer wir sind und was wir alles machen. Speziell die Vorstellung des Berufsbildes Mediengestallter: Was macht ein Mediengestallter, was sind die Schwerpunkte der <strong>Ausbildung<\/strong> und was machen die <strong>Mediengestallter<\/strong> bei artif. <\/p>\n\n\n\n<p>Ziel der Woche war f\u00fcr das Team, das aus einem Jungen und vier M\u00e4dchen bestand, den <a href=\"http:\/\/technik-akademie-tuebingen.de\/2019\/\">Blog der Technik-Akademie T\u00fcbingen 2019<\/a> zu erstellen. Aufgeteilt in Zweierteams interviewten sie die anderen Teams, die in diversen Firmen in T\u00fcbingen und Umgebung verteilt waren. Bei artif wurden die Interviews redaktionell aufgearbeitet und die Fotos mit unserer Unterst\u00fctzung bearbeitet und f\u00fcr die Ausgabe im Web optimiert. Gestaltet wurde der Blog mit <strong>WordPress <\/strong>um m\u00fchelos alle Infos pr\u00e4sentieren zu k\u00f6nnen und ein beeindruckendes Ergebnis zu erhalten.<\/p>\n\n\n\n<div class=\"wp-block-image\"><figure class=\"alignright is-resized\"><img loading=\"lazy\" decoding=\"async\" src=\"https:\/\/artif.com\/blog\/wp-content\/uploads\/2019\/03\/Zertifikat-Technik-Akademie-2019-724x1024.png\" alt=\"\" class=\"wp-image-1313\" width=\"181\" height=\"256\" srcset=\"https:\/\/artif.com\/blog\/wp-content\/uploads\/2019\/03\/Zertifikat-Technik-Akademie-2019-724x1024.png 724w, https:\/\/artif.com\/blog\/wp-content\/uploads\/2019\/03\/Zertifikat-Technik-Akademie-2019-212x300.png 212w, https:\/\/artif.com\/blog\/wp-content\/uploads\/2019\/03\/Zertifikat-Technik-Akademie-2019-768x1087.png 768w, https:\/\/artif.com\/blog\/wp-content\/uploads\/2019\/03\/Zertifikat-Technik-Akademie-2019.png 1240w\" sizes=\"auto, (max-width: 181px) 100vw, 181px\" \/><\/figure><\/div>\n\n\n\n<p>Das ist den Sch\u00fclern prima gelungen! Es war eine tolle Woche und wir haben uns gefreut, dass wir ihnen das Internet aus einer neuen Perspektive zeigen konnten.<\/p>\n\n\n\n<p><\/p>\n","protected":false},"excerpt":{"rendered":"<p>In den Faschingsferien vom 04.03.- 08.03.2019 schnupperten bei uns wieder f\u00fcnf Sch\u00fcler der Technik-Akademie T\u00fcbingen in den Beruf des Mediengestalters. Es gab wie immer eine kurze Einf\u00fchrung \u00fcber unsere Arbeit bei artif, wer wir sind und was wir alles machen. Speziell die Vorstellung des Berufsbildes Mediengestallter: Was macht ein Mediengestallter, was sind die Schwerpunkte der&#8230;<\/p>\n<p><span class=\"hidden-desktop article_mobileCategory\"><a href=\"https:\/\/artif.com\/blog\/category\/projekte\" title=\"Alle Artikel in Projekte\"><span class=\"hidden-desktop articleCategory_icon icon-projekte\"><\/span> Projekte<\/a><\/span><span class=\"hidden-desktop article_mobileCategory\"><a href=\"https:\/\/artif.com\/blog\/category\/praktikumsberichte\" title=\"Alle Artikel in Praktikumsberichte\"><span class=\"hidden-desktop articleCategory_icon icon-praktikumsberichte\"><\/span> Praktikumsberichte<\/a><\/span><span class=\"hidden-desktop article_mobileCategory\"><a href=\"https:\/\/artif.com\/blog\/category\/allgemein\" title=\"Alle Artikel in Allgemein\"><span class=\"hidden-desktop articleCategory_icon icon-allgemein\"><\/span> Allgemein<\/a><\/span><a class=\"article_moreLink\" href=\"https:\/\/artif.com\/blog\/technik-akademie-2019-bei-artif.html\" aria-label=\"Weiterlesen: Technik-Akademie 2019 bei uns\"><span class=\"icon icon-readmore\"><\/span> Weiterlesen<\/a><\/p>\n","protected":false},"author":16,"featured_media":0,"comment_status":"open","ping_status":"open","sticky":false,"template":"","format":"standard","meta":{"footnotes":""},"categories":[19,28,1],"tags":[15,90,9,38],"class_list":["post-1310","post","type-post","status-publish","format-standard","hentry","category-projekte","category-praktikumsberichte","category-allgemein","tag-ausbildung","tag-technik-akademie","tag-tuebingen","tag-wordpress"],"yoast_head":"<!-- This site is optimized with the Yoast SEO plugin v27.5 - https:\/\/yoast.com\/product\/yoast-seo-wordpress\/ -->\n<title>Technik-Akademie 2019 bei uns - Blog artif T\u00fcbingen<\/title>\n<meta name=\"robots\" content=\"index, follow, max-snippet:-1, max-image-preview:large, max-video-preview:-1\" \/>\n<link rel=\"canonical\" href=\"https:\/\/artif.com\/blog\/technik-akademie-2019-bei-artif.html\" \/>\n<meta property=\"og:locale\" content=\"de_DE\" \/>\n<meta property=\"og:type\" content=\"article\" \/>\n<meta property=\"og:title\" content=\"Technik-Akademie 2019 bei uns - Blog artif T\u00fcbingen\" \/>\n<meta property=\"og:description\" content=\"In den Faschingsferien vom 04.03.- 08.03.2019 schnupperten bei uns wieder f\u00fcnf Sch\u00fcler der Technik-Akademie T\u00fcbingen in den Beruf des Mediengestalters. Es gab wie immer eine kurze Einf\u00fchrung \u00fcber unsere Arbeit bei artif, wer wir sind und was wir alles machen. Speziell die Vorstellung des Berufsbildes Mediengestallter: Was macht ein Mediengestallter, was sind die Schwerpunkte der... Projekte Praktikumsberichte Allgemein Weiterlesen\" \/>\n<meta property=\"og:url\" content=\"https:\/\/artif.com\/blog\/technik-akademie-2019-bei-artif.html\" \/>\n<meta property=\"og:site_name\" content=\"Blog artif T\u00fcbingen\" \/>\n<meta property=\"article:publisher\" content=\"https:\/\/www.facebook.com\/pages\/TYPO3-Agentur-artif-Gmbh-Co-KG\/101490748200\" \/>\n<meta property=\"article:published_time\" content=\"2019-03-19T11:28:48+00:00\" \/>\n<meta property=\"article:modified_time\" content=\"2026-04-07T07:58:09+00:00\" \/>\n<meta property=\"og:image\" content=\"https:\/\/artif.com\/blog\/wp-content\/uploads\/2019\/03\/Technik-Akademie2019-Team_Artif.png\" \/>\n\t<meta property=\"og:image:width\" content=\"781\" \/>\n\t<meta property=\"og:image:height\" content=\"435\" \/>\n\t<meta property=\"og:image:type\" content=\"image\/png\" \/>\n<meta name=\"author\" content=\"Stefanie Lupo\" \/>\n<meta name=\"twitter:card\" content=\"summary_large_image\" \/>\n<meta name=\"twitter:creator\" content=\"@artifcom\" \/>\n<meta name=\"twitter:site\" content=\"@artifcom\" \/>\n<meta name=\"twitter:label1\" content=\"Verfasst von\" \/>\n\t<meta name=\"twitter:data1\" content=\"Stefanie Lupo\" \/>\n\t<meta name=\"twitter:label2\" content=\"Gesch\u00e4tzte Lesezeit\" \/>\n\t<meta name=\"twitter:data2\" content=\"2\u00a0Minuten\" \/>\n<script type=\"application\/ld+json\" class=\"yoast-schema-graph\">{\"@context\":\"https:\\\/\\\/schema.org\",\"@graph\":[{\"@type\":\"Article\",\"@id\":\"https:\\\/\\\/artif.com\\\/blog\\\/technik-akademie-2019-bei-artif.html#article\",\"isPartOf\":{\"@id\":\"https:\\\/\\\/artif.com\\\/blog\\\/technik-akademie-2019-bei-artif.html\"},\"author\":{\"name\":\"Stefanie Lupo\",\"@id\":\"https:\\\/\\\/artif.com\\\/blog\\\/#\\\/schema\\\/person\\\/74fb36861a7a1aa3813b8893469b10b8\"},\"headline\":\"Technik-Akademie 2019 bei uns\",\"datePublished\":\"2019-03-19T11:28:48+00:00\",\"dateModified\":\"2026-04-07T07:58:09+00:00\",\"mainEntityOfPage\":{\"@id\":\"https:\\\/\\\/artif.com\\\/blog\\\/technik-akademie-2019-bei-artif.html\"},\"wordCount\":186,\"commentCount\":0,\"publisher\":{\"@id\":\"https:\\\/\\\/artif.com\\\/blog\\\/#organization\"},\"image\":{\"@id\":\"https:\\\/\\\/artif.com\\\/blog\\\/technik-akademie-2019-bei-artif.html#primaryimage\"},\"thumbnailUrl\":\"https:\\\/\\\/artif.com\\\/blog\\\/wp-content\\\/uploads\\\/2019\\\/03\\\/Technik-Akademie2019-Team_Artif.png\",\"keywords\":[\"Ausbildung\",\"Technik Akademie\",\"T\u00fcbingen\",\"WordPress\"],\"articleSection\":[\"Projekte\",\"Praktikumsberichte\"],\"inLanguage\":\"de\",\"potentialAction\":[{\"@type\":\"CommentAction\",\"name\":\"Comment\",\"target\":[\"https:\\\/\\\/artif.com\\\/blog\\\/technik-akademie-2019-bei-artif.html#respond\"]}]},{\"@type\":\"WebPage\",\"@id\":\"https:\\\/\\\/artif.com\\\/blog\\\/technik-akademie-2019-bei-artif.html\",\"url\":\"https:\\\/\\\/artif.com\\\/blog\\\/technik-akademie-2019-bei-artif.html\",\"name\":\"Technik-Akademie 2019 bei uns - Blog artif T\u00fcbingen\",\"isPartOf\":{\"@id\":\"https:\\\/\\\/artif.com\\\/blog\\\/#website\"},\"primaryImageOfPage\":{\"@id\":\"https:\\\/\\\/artif.com\\\/blog\\\/technik-akademie-2019-bei-artif.html#primaryimage\"},\"image\":{\"@id\":\"https:\\\/\\\/artif.com\\\/blog\\\/technik-akademie-2019-bei-artif.html#primaryimage\"},\"thumbnailUrl\":\"https:\\\/\\\/artif.com\\\/blog\\\/wp-content\\\/uploads\\\/2019\\\/03\\\/Technik-Akademie2019-Team_Artif.png\",\"datePublished\":\"2019-03-19T11:28:48+00:00\",\"dateModified\":\"2026-04-07T07:58:09+00:00\",\"breadcrumb\":{\"@id\":\"https:\\\/\\\/artif.com\\\/blog\\\/technik-akademie-2019-bei-artif.html#breadcrumb\"},\"inLanguage\":\"de\",\"potentialAction\":[{\"@type\":\"ReadAction\",\"target\":[\"https:\\\/\\\/artif.com\\\/blog\\\/technik-akademie-2019-bei-artif.html\"]}]},{\"@type\":\"ImageObject\",\"inLanguage\":\"de\",\"@id\":\"https:\\\/\\\/artif.com\\\/blog\\\/technik-akademie-2019-bei-artif.html#primaryimage\",\"url\":\"https:\\\/\\\/artif.com\\\/blog\\\/wp-content\\\/uploads\\\/2019\\\/03\\\/Technik-Akademie2019-Team_Artif.png\",\"contentUrl\":\"https:\\\/\\\/artif.com\\\/blog\\\/wp-content\\\/uploads\\\/2019\\\/03\\\/Technik-Akademie2019-Team_Artif.png\",\"width\":781,\"height\":435,\"caption\":\"Technik-Akademie Team 2019\"},{\"@type\":\"BreadcrumbList\",\"@id\":\"https:\\\/\\\/artif.com\\\/blog\\\/technik-akademie-2019-bei-artif.html#breadcrumb\",\"itemListElement\":[{\"@type\":\"ListItem\",\"position\":1,\"name\":\"Startseite\",\"item\":\"https:\\\/\\\/artif.com\\\/blog\"},{\"@type\":\"ListItem\",\"position\":2,\"name\":\"Technik-Akademie 2019 bei uns\"}]},{\"@type\":\"WebSite\",\"@id\":\"https:\\\/\\\/artif.com\\\/blog\\\/#website\",\"url\":\"https:\\\/\\\/artif.com\\\/blog\\\/\",\"name\":\"Blog artif T\u00fcbingen\",\"description\":\"Blog von artif aus T\u00fcbingen: Internetagentur, Webdesign und TYPO3 von den Web Experts f\u00fcr Internet und Intranet aus T\u00fcbingen.\",\"publisher\":{\"@id\":\"https:\\\/\\\/artif.com\\\/blog\\\/#organization\"},\"potentialAction\":[{\"@type\":\"SearchAction\",\"target\":{\"@type\":\"EntryPoint\",\"urlTemplate\":\"https:\\\/\\\/artif.com\\\/blog\\\/?s={search_term_string}\"},\"query-input\":{\"@type\":\"PropertyValueSpecification\",\"valueRequired\":true,\"valueName\":\"search_term_string\"}}],\"inLanguage\":\"de\"},{\"@type\":\"Organization\",\"@id\":\"https:\\\/\\\/artif.com\\\/blog\\\/#organization\",\"name\":\"artif T\u00fcbingen\",\"url\":\"https:\\\/\\\/artif.com\\\/blog\\\/\",\"logo\":{\"@type\":\"ImageObject\",\"inLanguage\":\"de\",\"@id\":\"https:\\\/\\\/artif.com\\\/blog\\\/#\\\/schema\\\/logo\\\/image\\\/\",\"url\":\"https:\\\/\\\/artif.com\\\/blog\\\/wp-content\\\/uploads\\\/2021\\\/03\\\/logo-artif-cs5_rgb.png\",\"contentUrl\":\"https:\\\/\\\/artif.com\\\/blog\\\/wp-content\\\/uploads\\\/2021\\\/03\\\/logo-artif-cs5_rgb.png\",\"width\":1902,\"height\":528,\"caption\":\"artif T\u00fcbingen\"},\"image\":{\"@id\":\"https:\\\/\\\/artif.com\\\/blog\\\/#\\\/schema\\\/logo\\\/image\\\/\"},\"sameAs\":[\"https:\\\/\\\/www.facebook.com\\\/pages\\\/TYPO3-Agentur-artif-Gmbh-Co-KG\\\/101490748200\",\"https:\\\/\\\/x.com\\\/artifcom\"]},{\"@type\":\"Person\",\"@id\":\"https:\\\/\\\/artif.com\\\/blog\\\/#\\\/schema\\\/person\\\/74fb36861a7a1aa3813b8893469b10b8\",\"name\":\"Stefanie Lupo\",\"image\":{\"@type\":\"ImageObject\",\"inLanguage\":\"de\",\"@id\":\"https:\\\/\\\/secure.gravatar.com\\\/avatar\\\/e9e73bb1271196f0510f3f1ebd8d54f92fae15ea77ab2e9f617199e99ed2ffa3?s=96&d=identicon&r=g\",\"url\":\"https:\\\/\\\/secure.gravatar.com\\\/avatar\\\/e9e73bb1271196f0510f3f1ebd8d54f92fae15ea77ab2e9f617199e99ed2ffa3?s=96&d=identicon&r=g\",\"contentUrl\":\"https:\\\/\\\/secure.gravatar.com\\\/avatar\\\/e9e73bb1271196f0510f3f1ebd8d54f92fae15ea77ab2e9f617199e99ed2ffa3?s=96&d=identicon&r=g\",\"caption\":\"Stefanie Lupo\"},\"sameAs\":[\"https:\\\/\\\/artif.com\\\/\"]}]}<\/script>\n<!-- \/ Yoast SEO plugin. -->","yoast_head_json":{"title":"Technik-Akademie 2019 bei uns - Blog artif T\u00fcbingen","robots":{"index":"index","follow":"follow","max-snippet":"max-snippet:-1","max-image-preview":"max-image-preview:large","max-video-preview":"max-video-preview:-1"},"canonical":"https:\/\/artif.com\/blog\/technik-akademie-2019-bei-artif.html","og_locale":"de_DE","og_type":"article","og_title":"Technik-Akademie 2019 bei uns - Blog artif T\u00fcbingen","og_description":"In den Faschingsferien vom 04.03.- 08.03.2019 schnupperten bei uns wieder f\u00fcnf Sch\u00fcler der Technik-Akademie T\u00fcbingen in den Beruf des Mediengestalters. Es gab wie immer eine kurze Einf\u00fchrung \u00fcber unsere Arbeit bei artif, wer wir sind und was wir alles machen. Speziell die Vorstellung des Berufsbildes Mediengestallter: Was macht ein Mediengestallter, was sind die Schwerpunkte der... Projekte Praktikumsberichte Allgemein Weiterlesen","og_url":"https:\/\/artif.com\/blog\/technik-akademie-2019-bei-artif.html","og_site_name":"Blog artif T\u00fcbingen","article_publisher":"https:\/\/www.facebook.com\/pages\/TYPO3-Agentur-artif-Gmbh-Co-KG\/101490748200","article_published_time":"2019-03-19T11:28:48+00:00","article_modified_time":"2026-04-07T07:58:09+00:00","og_image":[{"width":781,"height":435,"url":"https:\/\/artif.com\/blog\/wp-content\/uploads\/2019\/03\/Technik-Akademie2019-Team_Artif.png","type":"image\/png"}],"author":"Stefanie Lupo","twitter_card":"summary_large_image","twitter_creator":"@artifcom","twitter_site":"@artifcom","twitter_misc":{"Verfasst von":"Stefanie Lupo","Gesch\u00e4tzte Lesezeit":"2\u00a0Minuten"},"schema":{"@context":"https:\/\/schema.org","@graph":[{"@type":"Article","@id":"https:\/\/artif.com\/blog\/technik-akademie-2019-bei-artif.html#article","isPartOf":{"@id":"https:\/\/artif.com\/blog\/technik-akademie-2019-bei-artif.html"},"author":{"name":"Stefanie Lupo","@id":"https:\/\/artif.com\/blog\/#\/schema\/person\/74fb36861a7a1aa3813b8893469b10b8"},"headline":"Technik-Akademie 2019 bei uns","datePublished":"2019-03-19T11:28:48+00:00","dateModified":"2026-04-07T07:58:09+00:00","mainEntityOfPage":{"@id":"https:\/\/artif.com\/blog\/technik-akademie-2019-bei-artif.html"},"wordCount":186,"commentCount":0,"publisher":{"@id":"https:\/\/artif.com\/blog\/#organization"},"image":{"@id":"https:\/\/artif.com\/blog\/technik-akademie-2019-bei-artif.html#primaryimage"},"thumbnailUrl":"https:\/\/artif.com\/blog\/wp-content\/uploads\/2019\/03\/Technik-Akademie2019-Team_Artif.png","keywords":["Ausbildung","Technik Akademie","T\u00fcbingen","WordPress"],"articleSection":["Projekte","Praktikumsberichte"],"inLanguage":"de","potentialAction":[{"@type":"CommentAction","name":"Comment","target":["https:\/\/artif.com\/blog\/technik-akademie-2019-bei-artif.html#respond"]}]},{"@type":"WebPage","@id":"https:\/\/artif.com\/blog\/technik-akademie-2019-bei-artif.html","url":"https:\/\/artif.com\/blog\/technik-akademie-2019-bei-artif.html","name":"Technik-Akademie 2019 bei uns - Blog artif T\u00fcbingen","isPartOf":{"@id":"https:\/\/artif.com\/blog\/#website"},"primaryImageOfPage":{"@id":"https:\/\/artif.com\/blog\/technik-akademie-2019-bei-artif.html#primaryimage"},"image":{"@id":"https:\/\/artif.com\/blog\/technik-akademie-2019-bei-artif.html#primaryimage"},"thumbnailUrl":"https:\/\/artif.com\/blog\/wp-content\/uploads\/2019\/03\/Technik-Akademie2019-Team_Artif.png","datePublished":"2019-03-19T11:28:48+00:00","dateModified":"2026-04-07T07:58:09+00:00","breadcrumb":{"@id":"https:\/\/artif.com\/blog\/technik-akademie-2019-bei-artif.html#breadcrumb"},"inLanguage":"de","potentialAction":[{"@type":"ReadAction","target":["https:\/\/artif.com\/blog\/technik-akademie-2019-bei-artif.html"]}]},{"@type":"ImageObject","inLanguage":"de","@id":"https:\/\/artif.com\/blog\/technik-akademie-2019-bei-artif.html#primaryimage","url":"https:\/\/artif.com\/blog\/wp-content\/uploads\/2019\/03\/Technik-Akademie2019-Team_Artif.png","contentUrl":"https:\/\/artif.com\/blog\/wp-content\/uploads\/2019\/03\/Technik-Akademie2019-Team_Artif.png","width":781,"height":435,"caption":"Technik-Akademie Team 2019"},{"@type":"BreadcrumbList","@id":"https:\/\/artif.com\/blog\/technik-akademie-2019-bei-artif.html#breadcrumb","itemListElement":[{"@type":"ListItem","position":1,"name":"Startseite","item":"https:\/\/artif.com\/blog"},{"@type":"ListItem","position":2,"name":"Technik-Akademie 2019 bei uns"}]},{"@type":"WebSite","@id":"https:\/\/artif.com\/blog\/#website","url":"https:\/\/artif.com\/blog\/","name":"Blog artif T\u00fcbingen","description":"Blog von artif aus T\u00fcbingen: Internetagentur, Webdesign und TYPO3 von den Web Experts f\u00fcr Internet und Intranet aus T\u00fcbingen.","publisher":{"@id":"https:\/\/artif.com\/blog\/#organization"},"potentialAction":[{"@type":"SearchAction","target":{"@type":"EntryPoint","urlTemplate":"https:\/\/artif.com\/blog\/?s={search_term_string}"},"query-input":{"@type":"PropertyValueSpecification","valueRequired":true,"valueName":"search_term_string"}}],"inLanguage":"de"},{"@type":"Organization","@id":"https:\/\/artif.com\/blog\/#organization","name":"artif T\u00fcbingen","url":"https:\/\/artif.com\/blog\/","logo":{"@type":"ImageObject","inLanguage":"de","@id":"https:\/\/artif.com\/blog\/#\/schema\/logo\/image\/","url":"https:\/\/artif.com\/blog\/wp-content\/uploads\/2021\/03\/logo-artif-cs5_rgb.png","contentUrl":"https:\/\/artif.com\/blog\/wp-content\/uploads\/2021\/03\/logo-artif-cs5_rgb.png","width":1902,"height":528,"caption":"artif T\u00fcbingen"},"image":{"@id":"https:\/\/artif.com\/blog\/#\/schema\/logo\/image\/"},"sameAs":["https:\/\/www.facebook.com\/pages\/TYPO3-Agentur-artif-Gmbh-Co-KG\/101490748200","https:\/\/x.com\/artifcom"]},{"@type":"Person","@id":"https:\/\/artif.com\/blog\/#\/schema\/person\/74fb36861a7a1aa3813b8893469b10b8","name":"Stefanie Lupo","image":{"@type":"ImageObject","inLanguage":"de","@id":"https:\/\/secure.gravatar.com\/avatar\/e9e73bb1271196f0510f3f1ebd8d54f92fae15ea77ab2e9f617199e99ed2ffa3?s=96&d=identicon&r=g","url":"https:\/\/secure.gravatar.com\/avatar\/e9e73bb1271196f0510f3f1ebd8d54f92fae15ea77ab2e9f617199e99ed2ffa3?s=96&d=identicon&r=g","contentUrl":"https:\/\/secure.gravatar.com\/avatar\/e9e73bb1271196f0510f3f1ebd8d54f92fae15ea77ab2e9f617199e99ed2ffa3?s=96&d=identicon&r=g","caption":"Stefanie Lupo"},"sameAs":["https:\/\/artif.com\/"]}]}},"publishpress_future_action":{"enabled":false,"date":"2026-05-02 21:18:35","action":"change-status","newStatus":"draft","terms":[],"taxonomy":"category","extraData":[]},"publishpress_future_workflow_manual_trigger":{"enabledWorkflows":[]},"_links":{"self":[{"href":"https:\/\/artif.com\/blog\/wp-json\/wp\/v2\/posts\/1310","targetHints":{"allow":["GET"]}}],"collection":[{"href":"https:\/\/artif.com\/blog\/wp-json\/wp\/v2\/posts"}],"about":[{"href":"https:\/\/artif.com\/blog\/wp-json\/wp\/v2\/types\/post"}],"author":[{"embeddable":true,"href":"https:\/\/artif.com\/blog\/wp-json\/wp\/v2\/users\/16"}],"replies":[{"embeddable":true,"href":"https:\/\/artif.com\/blog\/wp-json\/wp\/v2\/comments?post=1310"}],"version-history":[{"count":14,"href":"https:\/\/artif.com\/blog\/wp-json\/wp\/v2\/posts\/1310\/revisions"}],"predecessor-version":[{"id":2033,"href":"https:\/\/artif.com\/blog\/wp-json\/wp\/v2\/posts\/1310\/revisions\/2033"}],"wp:attachment":[{"href":"https:\/\/artif.com\/blog\/wp-json\/wp\/v2\/media?parent=1310"}],"wp:term":[{"taxonomy":"category","embeddable":true,"href":"https:\/\/artif.com\/blog\/wp-json\/wp\/v2\/categories?post=1310"},{"taxonomy":"post_tag","embeddable":true,"href":"https:\/\/artif.com\/blog\/wp-json\/wp\/v2\/tags?post=1310"}],"curies":[{"name":"wp","href":"https:\/\/api.w.org\/{rel}","templated":true}]}}