{"id":130,"date":"2013-06-21T09:00:50","date_gmt":"2013-06-21T07:00:50","guid":{"rendered":"https:\/\/artif.com\/blog\/?p=130"},"modified":"2021-09-01T18:42:52","modified_gmt":"2021-09-01T16:42:52","slug":"artif-im-pruefungsausschuss-der-ihk-reutlingen","status":"publish","type":"post","link":"https:\/\/artif.com\/blog\/artif-im-pruefungsausschuss-der-ihk-reutlingen.html","title":{"rendered":"artif im Pr\u00fcfungsausschu\u00df der IHK Reutlingen"},"content":{"rendered":"<p>Wir freuen uns \u00fcber die Berufung von Andreas Brus und Jan Loderhose als ordentliche Mitglieder in den Pr\u00fcfungsausschuss &#8222;Mediengestalter Digital und Print&#8220; der IHK Reutlingen.<br \/>\n<!--more--><\/p>\n<p>Sie unterst\u00fctzen damit die Auszubildenden und Ausbildungsbetriebe in der Region Neckar-Alb.<\/p>\n<p>Herzlichen Gl\u00fcckwunsch!<\/p>\n<p>Auf der Suche nach einer Ausbildung oder festen Anstellung in einem kompetenten, freundliche Team? <a title=\"Stellenangebote - Festanstellung, Ausbildung, Praktikum - TYPO3 Internetagentur artif GmbH &amp; Co. KG\" href=\"https:\/\/artif.com\/wer-wir-sind\/jobs.html\">Unsere offenen Stellen finden Sie auf unserer Website<\/a>.<\/p>\n","protected":false},"excerpt":{"rendered":"<p>Wir freuen uns \u00fcber die Berufung von Andreas Brus und Jan Loderhose als ordentliche Mitglieder in den Pr\u00fcfungsausschuss &#8222;Mediengestalter Digital und Print&#8220; der IHK Reutlingen.<\/p>\n","protected":false},"author":4,"featured_media":0,"comment_status":"open","ping_status":"open","sticky":false,"template":"","format":"standard","meta":{"footnotes":""},"categories":[1],"tags":[14,15],"class_list":["post-130","post","type-post","status-publish","format-standard","hentry","category-allgemein","tag-artif","tag-ausbildung"],"yoast_head":"<!-- This site is optimized with the Yoast SEO plugin v27.4 - https:\/\/yoast.com\/product\/yoast-seo-wordpress\/ -->\n<title>artif im Pr\u00fcfungsausschu\u00df der IHK Reutlingen - Blog artif T\u00fcbingen<\/title>\n<meta name=\"robots\" content=\"index, follow, max-snippet:-1, max-image-preview:large, max-video-preview:-1\" \/>\n<link rel=\"canonical\" href=\"https:\/\/artif.com\/blog\/artif-im-pruefungsausschuss-der-ihk-reutlingen.html\" \/>\n<meta property=\"og:locale\" content=\"de_DE\" \/>\n<meta property=\"og:type\" content=\"article\" \/>\n<meta property=\"og:title\" content=\"artif im Pr\u00fcfungsausschu\u00df der IHK Reutlingen - Blog artif T\u00fcbingen\" \/>\n<meta property=\"og:description\" content=\"Wir freuen uns \u00fcber die Berufung von Andreas Brus und Jan Loderhose als ordentliche Mitglieder in den Pr\u00fcfungsausschuss &#8222;Mediengestalter Digital und Print&#8220; der IHK Reutlingen.\" \/>\n<meta property=\"og:url\" content=\"https:\/\/artif.com\/blog\/artif-im-pruefungsausschuss-der-ihk-reutlingen.html\" \/>\n<meta property=\"og:site_name\" content=\"Blog artif T\u00fcbingen\" \/>\n<meta property=\"article:publisher\" content=\"https:\/\/www.facebook.com\/pages\/TYPO3-Agentur-artif-Gmbh-Co-KG\/101490748200\" \/>\n<meta property=\"article:published_time\" content=\"2013-06-21T07:00:50+00:00\" \/>\n<meta property=\"article:modified_time\" content=\"2021-09-01T16:42:52+00:00\" \/>\n<meta property=\"og:image\" content=\"https:\/\/artif.com\/blog\/wp-content\/uploads\/2021\/05\/artif-logo.png\" \/>\n\t<meta property=\"og:image:width\" content=\"512\" \/>\n\t<meta property=\"og:image:height\" content=\"512\" \/>\n\t<meta property=\"og:image:type\" content=\"image\/png\" \/>\n<meta name=\"author\" content=\"Andreas Brus\" \/>\n<meta name=\"twitter:card\" content=\"summary_large_image\" \/>\n<meta name=\"twitter:creator\" content=\"@artifcom\" \/>\n<meta name=\"twitter:site\" content=\"@artifcom\" \/>\n<meta name=\"twitter:label1\" content=\"Verfasst von\" \/>\n\t<meta name=\"twitter:data1\" content=\"Andreas Brus\" \/>\n<script type=\"application\/ld+json\" class=\"yoast-schema-graph\">{\"@context\":\"https:\\\/\\\/schema.org\",\"@graph\":[{\"@type\":\"Article\",\"@id\":\"https:\\\/\\\/artif.com\\\/blog\\\/artif-im-pruefungsausschuss-der-ihk-reutlingen.html#article\",\"isPartOf\":{\"@id\":\"https:\\\/\\\/artif.com\\\/blog\\\/artif-im-pruefungsausschuss-der-ihk-reutlingen.html\"},\"author\":{\"name\":\"Andreas Brus\",\"@id\":\"https:\\\/\\\/artif.com\\\/blog\\\/#\\\/schema\\\/person\\\/23ac7b0aacd4a4c89b1961e28dd37c0a\"},\"headline\":\"artif im Pr\u00fcfungsausschu\u00df der IHK Reutlingen\",\"datePublished\":\"2013-06-21T07:00:50+00:00\",\"dateModified\":\"2021-09-01T16:42:52+00:00\",\"mainEntityOfPage\":{\"@id\":\"https:\\\/\\\/artif.com\\\/blog\\\/artif-im-pruefungsausschuss-der-ihk-reutlingen.html\"},\"wordCount\":70,\"commentCount\":0,\"publisher\":{\"@id\":\"https:\\\/\\\/artif.com\\\/blog\\\/#organization\"},\"keywords\":[\"artif\",\"Ausbildung\"],\"inLanguage\":\"de\",\"potentialAction\":[{\"@type\":\"CommentAction\",\"name\":\"Comment\",\"target\":[\"https:\\\/\\\/artif.com\\\/blog\\\/artif-im-pruefungsausschuss-der-ihk-reutlingen.html#respond\"]}]},{\"@type\":\"WebPage\",\"@id\":\"https:\\\/\\\/artif.com\\\/blog\\\/artif-im-pruefungsausschuss-der-ihk-reutlingen.html\",\"url\":\"https:\\\/\\\/artif.com\\\/blog\\\/artif-im-pruefungsausschuss-der-ihk-reutlingen.html\",\"name\":\"artif im Pr\u00fcfungsausschu\u00df der IHK Reutlingen - Blog artif T\u00fcbingen\",\"isPartOf\":{\"@id\":\"https:\\\/\\\/artif.com\\\/blog\\\/#website\"},\"datePublished\":\"2013-06-21T07:00:50+00:00\",\"dateModified\":\"2021-09-01T16:42:52+00:00\",\"breadcrumb\":{\"@id\":\"https:\\\/\\\/artif.com\\\/blog\\\/artif-im-pruefungsausschuss-der-ihk-reutlingen.html#breadcrumb\"},\"inLanguage\":\"de\",\"potentialAction\":[{\"@type\":\"ReadAction\",\"target\":[\"https:\\\/\\\/artif.com\\\/blog\\\/artif-im-pruefungsausschuss-der-ihk-reutlingen.html\"]}]},{\"@type\":\"BreadcrumbList\",\"@id\":\"https:\\\/\\\/artif.com\\\/blog\\\/artif-im-pruefungsausschuss-der-ihk-reutlingen.html#breadcrumb\",\"itemListElement\":[{\"@type\":\"ListItem\",\"position\":1,\"name\":\"Startseite\",\"item\":\"https:\\\/\\\/artif.com\\\/blog\"},{\"@type\":\"ListItem\",\"position\":2,\"name\":\"artif im Pr\u00fcfungsausschu\u00df der IHK Reutlingen\"}]},{\"@type\":\"WebSite\",\"@id\":\"https:\\\/\\\/artif.com\\\/blog\\\/#website\",\"url\":\"https:\\\/\\\/artif.com\\\/blog\\\/\",\"name\":\"Blog artif T\u00fcbingen\",\"description\":\"Blog von artif aus T\u00fcbingen: Internetagentur, Webdesign und TYPO3 von den Web Experts f\u00fcr Internet und Intranet aus T\u00fcbingen.\",\"publisher\":{\"@id\":\"https:\\\/\\\/artif.com\\\/blog\\\/#organization\"},\"potentialAction\":[{\"@type\":\"SearchAction\",\"target\":{\"@type\":\"EntryPoint\",\"urlTemplate\":\"https:\\\/\\\/artif.com\\\/blog\\\/?s={search_term_string}\"},\"query-input\":{\"@type\":\"PropertyValueSpecification\",\"valueRequired\":true,\"valueName\":\"search_term_string\"}}],\"inLanguage\":\"de\"},{\"@type\":\"Organization\",\"@id\":\"https:\\\/\\\/artif.com\\\/blog\\\/#organization\",\"name\":\"artif T\u00fcbingen\",\"url\":\"https:\\\/\\\/artif.com\\\/blog\\\/\",\"logo\":{\"@type\":\"ImageObject\",\"inLanguage\":\"de\",\"@id\":\"https:\\\/\\\/artif.com\\\/blog\\\/#\\\/schema\\\/logo\\\/image\\\/\",\"url\":\"https:\\\/\\\/artif.com\\\/blog\\\/wp-content\\\/uploads\\\/2021\\\/03\\\/logo-artif-cs5_rgb.png\",\"contentUrl\":\"https:\\\/\\\/artif.com\\\/blog\\\/wp-content\\\/uploads\\\/2021\\\/03\\\/logo-artif-cs5_rgb.png\",\"width\":1902,\"height\":528,\"caption\":\"artif T\u00fcbingen\"},\"image\":{\"@id\":\"https:\\\/\\\/artif.com\\\/blog\\\/#\\\/schema\\\/logo\\\/image\\\/\"},\"sameAs\":[\"https:\\\/\\\/www.facebook.com\\\/pages\\\/TYPO3-Agentur-artif-Gmbh-Co-KG\\\/101490748200\",\"https:\\\/\\\/x.com\\\/artifcom\"]},{\"@type\":\"Person\",\"@id\":\"https:\\\/\\\/artif.com\\\/blog\\\/#\\\/schema\\\/person\\\/23ac7b0aacd4a4c89b1961e28dd37c0a\",\"name\":\"Andreas Brus\",\"image\":{\"@type\":\"ImageObject\",\"inLanguage\":\"de\",\"@id\":\"https:\\\/\\\/secure.gravatar.com\\\/avatar\\\/e1d9a4c933975d228f04533e41539195768e3917e60c27e2697f409c38d90d5f?s=96&d=identicon&r=g\",\"url\":\"https:\\\/\\\/secure.gravatar.com\\\/avatar\\\/e1d9a4c933975d228f04533e41539195768e3917e60c27e2697f409c38d90d5f?s=96&d=identicon&r=g\",\"contentUrl\":\"https:\\\/\\\/secure.gravatar.com\\\/avatar\\\/e1d9a4c933975d228f04533e41539195768e3917e60c27e2697f409c38d90d5f?s=96&d=identicon&r=g\",\"caption\":\"Andreas Brus\"},\"sameAs\":[\"https:\\\/\\\/artif.com\\\/\"]}]}<\/script>\n<!-- \/ Yoast SEO plugin. -->","yoast_head_json":{"title":"artif im Pr\u00fcfungsausschu\u00df der IHK Reutlingen - Blog artif T\u00fcbingen","robots":{"index":"index","follow":"follow","max-snippet":"max-snippet:-1","max-image-preview":"max-image-preview:large","max-video-preview":"max-video-preview:-1"},"canonical":"https:\/\/artif.com\/blog\/artif-im-pruefungsausschuss-der-ihk-reutlingen.html","og_locale":"de_DE","og_type":"article","og_title":"artif im Pr\u00fcfungsausschu\u00df der IHK Reutlingen - Blog artif T\u00fcbingen","og_description":"Wir freuen uns \u00fcber die Berufung von Andreas Brus und Jan Loderhose als ordentliche Mitglieder in den Pr\u00fcfungsausschuss &#8222;Mediengestalter Digital und Print&#8220; der IHK Reutlingen.","og_url":"https:\/\/artif.com\/blog\/artif-im-pruefungsausschuss-der-ihk-reutlingen.html","og_site_name":"Blog artif T\u00fcbingen","article_publisher":"https:\/\/www.facebook.com\/pages\/TYPO3-Agentur-artif-Gmbh-Co-KG\/101490748200","article_published_time":"2013-06-21T07:00:50+00:00","article_modified_time":"2021-09-01T16:42:52+00:00","og_image":[{"width":512,"height":512,"url":"https:\/\/artif.com\/blog\/wp-content\/uploads\/2021\/05\/artif-logo.png","type":"image\/png"}],"author":"Andreas Brus","twitter_card":"summary_large_image","twitter_creator":"@artifcom","twitter_site":"@artifcom","twitter_misc":{"Verfasst von":"Andreas Brus"},"schema":{"@context":"https:\/\/schema.org","@graph":[{"@type":"Article","@id":"https:\/\/artif.com\/blog\/artif-im-pruefungsausschuss-der-ihk-reutlingen.html#article","isPartOf":{"@id":"https:\/\/artif.com\/blog\/artif-im-pruefungsausschuss-der-ihk-reutlingen.html"},"author":{"name":"Andreas Brus","@id":"https:\/\/artif.com\/blog\/#\/schema\/person\/23ac7b0aacd4a4c89b1961e28dd37c0a"},"headline":"artif im Pr\u00fcfungsausschu\u00df der IHK Reutlingen","datePublished":"2013-06-21T07:00:50+00:00","dateModified":"2021-09-01T16:42:52+00:00","mainEntityOfPage":{"@id":"https:\/\/artif.com\/blog\/artif-im-pruefungsausschuss-der-ihk-reutlingen.html"},"wordCount":70,"commentCount":0,"publisher":{"@id":"https:\/\/artif.com\/blog\/#organization"},"keywords":["artif","Ausbildung"],"inLanguage":"de","potentialAction":[{"@type":"CommentAction","name":"Comment","target":["https:\/\/artif.com\/blog\/artif-im-pruefungsausschuss-der-ihk-reutlingen.html#respond"]}]},{"@type":"WebPage","@id":"https:\/\/artif.com\/blog\/artif-im-pruefungsausschuss-der-ihk-reutlingen.html","url":"https:\/\/artif.com\/blog\/artif-im-pruefungsausschuss-der-ihk-reutlingen.html","name":"artif im Pr\u00fcfungsausschu\u00df der IHK Reutlingen - Blog artif T\u00fcbingen","isPartOf":{"@id":"https:\/\/artif.com\/blog\/#website"},"datePublished":"2013-06-21T07:00:50+00:00","dateModified":"2021-09-01T16:42:52+00:00","breadcrumb":{"@id":"https:\/\/artif.com\/blog\/artif-im-pruefungsausschuss-der-ihk-reutlingen.html#breadcrumb"},"inLanguage":"de","potentialAction":[{"@type":"ReadAction","target":["https:\/\/artif.com\/blog\/artif-im-pruefungsausschuss-der-ihk-reutlingen.html"]}]},{"@type":"BreadcrumbList","@id":"https:\/\/artif.com\/blog\/artif-im-pruefungsausschuss-der-ihk-reutlingen.html#breadcrumb","itemListElement":[{"@type":"ListItem","position":1,"name":"Startseite","item":"https:\/\/artif.com\/blog"},{"@type":"ListItem","position":2,"name":"artif im Pr\u00fcfungsausschu\u00df der IHK Reutlingen"}]},{"@type":"WebSite","@id":"https:\/\/artif.com\/blog\/#website","url":"https:\/\/artif.com\/blog\/","name":"Blog artif T\u00fcbingen","description":"Blog von artif aus T\u00fcbingen: Internetagentur, Webdesign und TYPO3 von den Web Experts f\u00fcr Internet und Intranet aus T\u00fcbingen.","publisher":{"@id":"https:\/\/artif.com\/blog\/#organization"},"potentialAction":[{"@type":"SearchAction","target":{"@type":"EntryPoint","urlTemplate":"https:\/\/artif.com\/blog\/?s={search_term_string}"},"query-input":{"@type":"PropertyValueSpecification","valueRequired":true,"valueName":"search_term_string"}}],"inLanguage":"de"},{"@type":"Organization","@id":"https:\/\/artif.com\/blog\/#organization","name":"artif T\u00fcbingen","url":"https:\/\/artif.com\/blog\/","logo":{"@type":"ImageObject","inLanguage":"de","@id":"https:\/\/artif.com\/blog\/#\/schema\/logo\/image\/","url":"https:\/\/artif.com\/blog\/wp-content\/uploads\/2021\/03\/logo-artif-cs5_rgb.png","contentUrl":"https:\/\/artif.com\/blog\/wp-content\/uploads\/2021\/03\/logo-artif-cs5_rgb.png","width":1902,"height":528,"caption":"artif T\u00fcbingen"},"image":{"@id":"https:\/\/artif.com\/blog\/#\/schema\/logo\/image\/"},"sameAs":["https:\/\/www.facebook.com\/pages\/TYPO3-Agentur-artif-Gmbh-Co-KG\/101490748200","https:\/\/x.com\/artifcom"]},{"@type":"Person","@id":"https:\/\/artif.com\/blog\/#\/schema\/person\/23ac7b0aacd4a4c89b1961e28dd37c0a","name":"Andreas Brus","image":{"@type":"ImageObject","inLanguage":"de","@id":"https:\/\/secure.gravatar.com\/avatar\/e1d9a4c933975d228f04533e41539195768e3917e60c27e2697f409c38d90d5f?s=96&d=identicon&r=g","url":"https:\/\/secure.gravatar.com\/avatar\/e1d9a4c933975d228f04533e41539195768e3917e60c27e2697f409c38d90d5f?s=96&d=identicon&r=g","contentUrl":"https:\/\/secure.gravatar.com\/avatar\/e1d9a4c933975d228f04533e41539195768e3917e60c27e2697f409c38d90d5f?s=96&d=identicon&r=g","caption":"Andreas Brus"},"sameAs":["https:\/\/artif.com\/"]}]}},"publishpress_future_action":{"enabled":false,"date":"2026-04-26 08:31:46","action":"change-status","newStatus":"draft","terms":[],"taxonomy":"category","extraData":[]},"publishpress_future_workflow_manual_trigger":{"enabledWorkflows":[]},"_links":{"self":[{"href":"https:\/\/artif.com\/blog\/wp-json\/wp\/v2\/posts\/130","targetHints":{"allow":["GET"]}}],"collection":[{"href":"https:\/\/artif.com\/blog\/wp-json\/wp\/v2\/posts"}],"about":[{"href":"https:\/\/artif.com\/blog\/wp-json\/wp\/v2\/types\/post"}],"author":[{"embeddable":true,"href":"https:\/\/artif.com\/blog\/wp-json\/wp\/v2\/users\/4"}],"replies":[{"embeddable":true,"href":"https:\/\/artif.com\/blog\/wp-json\/wp\/v2\/comments?post=130"}],"version-history":[{"count":16,"href":"https:\/\/artif.com\/blog\/wp-json\/wp\/v2\/posts\/130\/revisions"}],"predecessor-version":[{"id":2208,"href":"https:\/\/artif.com\/blog\/wp-json\/wp\/v2\/posts\/130\/revisions\/2208"}],"wp:attachment":[{"href":"https:\/\/artif.com\/blog\/wp-json\/wp\/v2\/media?parent=130"}],"wp:term":[{"taxonomy":"category","embeddable":true,"href":"https:\/\/artif.com\/blog\/wp-json\/wp\/v2\/categories?post=130"},{"taxonomy":"post_tag","embeddable":true,"href":"https:\/\/artif.com\/blog\/wp-json\/wp\/v2\/tags?post=130"}],"curies":[{"name":"wp","href":"https:\/\/api.w.org\/{rel}","templated":true}]}}