{"id":1277,"date":"2018-12-19T14:56:22","date_gmt":"2018-12-19T13:56:22","guid":{"rendered":"https:\/\/artif.com\/blog\/?p=1277"},"modified":"2021-06-24T12:03:39","modified_gmt":"2021-06-24T10:03:39","slug":"weihnachtsgruesse-und-ausblick-auf-2019","status":"publish","type":"post","link":"https:\/\/artif.com\/blog\/weihnachtsgruesse-und-ausblick-auf-2019.html","title":{"rendered":"Weihnachtsgr\u00fc\u00dfe und Ausblick auf 2019"},"content":{"rendered":"<p><img loading=\"lazy\" decoding=\"async\" class=\"wp-image-1281 aligncenter\" src=\"https:\/\/artif.com\/blog\/wp-content\/uploads\/2018\/12\/headerbild-300x139.jpg\" alt=\"\" width=\"936\" height=\"434\" srcset=\"https:\/\/artif.com\/blog\/wp-content\/uploads\/2018\/12\/headerbild-300x139.jpg 300w, https:\/\/artif.com\/blog\/wp-content\/uploads\/2018\/12\/headerbild.jpg 685w\" sizes=\"auto, (max-width: 936px) 100vw, 936px\" \/><br \/>\nLiebe Kundschaft, liebe&nbsp;Lieferanten,<\/p>\n<p>kaum hatte das Jahr begonnen, sind schon wieder zw\u00f6lf Monate ins Land gegangen.<br \/>\nDie artif GmbH &amp; Co. KG war auch 2018 wieder sehr rege in Angelegenheiten ihrer Kundinnen und Kunden unterwegs. Das gro\u00dfe, nach au\u00dfen sichtbare Highlight war unser Umzug in die Alexanderstra\u00dfe 65 in T\u00fcbingen.<br \/>\nNun k\u00f6nnen wir Ihnen geb\u00fchrenfreie Parkpl\u00e4tze direkt vor dem Haus anbieten. Nutzen Sie die Gelegenheit und besuchen Sie uns!<\/p>\n<p>Die Bauarbeiten werden werden voraussichtlich im ersten Halbjahr 2019 abgeschlossen.<\/p>\n<p>Auch in 2018 waren wir wieder flei\u00dfig bei der Optimierung und Erstellung von statischen und Websites und Webshops auf Basis von TYPO3, WordPress und Shopware. Wir danken Ihnen sehr f\u00fcr Ihr Vertrauen.<\/p>\n<p>Ihre Zufriedenheit ist unser Anliegen!<\/p>\n<p>Im Namen aller Mitarbeiter der artif GmbH &amp; Co. KG w\u00fcnsche ich Ihnen ein gesegnetes Weihnachtsfest und ein gutes Neues Jahr 2019.<\/p>\n<p>Ab dem 24.12.2018 g\u00f6nnen wir uns eine Pause. Wir sind gerne wieder am 07.01.2019 f\u00fcr Sie im B\u00fcro erreichbar.<\/p>\n","protected":false},"excerpt":{"rendered":"<p>Liebe Kundschaft, liebe&nbsp;Lieferanten, kaum hatte das Jahr begonnen, sind schon wieder zw\u00f6lf Monate ins Land gegangen. Die artif GmbH &amp; Co. KG war auch 2018 wieder sehr rege in Angelegenheiten ihrer Kundinnen und Kunden unterwegs. Das gro\u00dfe, nach au\u00dfen sichtbare Highlight war unser Umzug in die Alexanderstra\u00dfe 65 in T\u00fcbingen. Nun k\u00f6nnen wir Ihnen geb\u00fchrenfreie&#8230;<\/p>\n<p><span class=\"hidden-desktop article_mobileCategory\"><a href=\"https:\/\/artif.com\/blog\/category\/allgemein\" title=\"Alle Artikel in Allgemein\"><span class=\"hidden-desktop articleCategory_icon icon-allgemein\"><\/span> Allgemein<\/a><\/span><a class=\"article_moreLink\" href=\"https:\/\/artif.com\/blog\/weihnachtsgruesse-und-ausblick-auf-2019.html\" aria-label=\"Weiterlesen: Weihnachtsgr\u00fc\u00dfe und Ausblick auf 2019\"><span class=\"icon icon-readmore\"><\/span> Weiterlesen<\/a><\/p>\n","protected":false},"author":4,"featured_media":0,"comment_status":"open","ping_status":"open","sticky":false,"template":"","format":"standard","meta":{"footnotes":""},"categories":[1],"tags":[50,51],"class_list":["post-1277","post","type-post","status-publish","format-standard","hentry","category-allgemein","tag-50","tag-weihnacht"],"yoast_head":"<!-- This site is optimized with the Yoast SEO plugin v27.5 - https:\/\/yoast.com\/product\/yoast-seo-wordpress\/ -->\n<title>Weihnachtsgr\u00fc\u00dfe und Ausblick auf 2019 - Blog artif T\u00fcbingen<\/title>\n<meta name=\"robots\" content=\"index, follow, max-snippet:-1, max-image-preview:large, max-video-preview:-1\" \/>\n<link rel=\"canonical\" href=\"https:\/\/artif.com\/blog\/weihnachtsgruesse-und-ausblick-auf-2019.html\" \/>\n<meta property=\"og:locale\" content=\"de_DE\" \/>\n<meta property=\"og:type\" content=\"article\" \/>\n<meta property=\"og:title\" content=\"Weihnachtsgr\u00fc\u00dfe und Ausblick auf 2019 - Blog artif T\u00fcbingen\" \/>\n<meta property=\"og:description\" content=\"Liebe Kundschaft, liebe&nbsp;Lieferanten, kaum hatte das Jahr begonnen, sind schon wieder zw\u00f6lf Monate ins Land gegangen. Die artif GmbH &amp; Co. KG war auch 2018 wieder sehr rege in Angelegenheiten ihrer Kundinnen und Kunden unterwegs. Das gro\u00dfe, nach au\u00dfen sichtbare Highlight war unser Umzug in die Alexanderstra\u00dfe 65 in T\u00fcbingen. Nun k\u00f6nnen wir Ihnen geb\u00fchrenfreie... Allgemein Weiterlesen\" \/>\n<meta property=\"og:url\" content=\"https:\/\/artif.com\/blog\/weihnachtsgruesse-und-ausblick-auf-2019.html\" \/>\n<meta property=\"og:site_name\" content=\"Blog artif T\u00fcbingen\" \/>\n<meta property=\"article:publisher\" content=\"https:\/\/www.facebook.com\/pages\/TYPO3-Agentur-artif-Gmbh-Co-KG\/101490748200\" \/>\n<meta property=\"article:published_time\" content=\"2018-12-19T13:56:22+00:00\" \/>\n<meta property=\"article:modified_time\" content=\"2021-06-24T10:03:39+00:00\" \/>\n<meta property=\"og:image\" content=\"https:\/\/artif.com\/blog\/wp-content\/uploads\/2018\/12\/headerbild-300x139.jpg\" \/>\n<meta name=\"author\" content=\"Andreas Brus\" \/>\n<meta name=\"twitter:card\" content=\"summary_large_image\" \/>\n<meta name=\"twitter:creator\" content=\"@artifcom\" \/>\n<meta name=\"twitter:site\" content=\"@artifcom\" \/>\n<meta name=\"twitter:label1\" content=\"Verfasst von\" \/>\n\t<meta name=\"twitter:data1\" content=\"Andreas Brus\" \/>\n\t<meta name=\"twitter:label2\" content=\"Gesch\u00e4tzte Lesezeit\" \/>\n\t<meta name=\"twitter:data2\" content=\"1\u00a0Minute\" \/>\n<script type=\"application\/ld+json\" class=\"yoast-schema-graph\">{\"@context\":\"https:\\\/\\\/schema.org\",\"@graph\":[{\"@type\":\"Article\",\"@id\":\"https:\\\/\\\/artif.com\\\/blog\\\/weihnachtsgruesse-und-ausblick-auf-2019.html#article\",\"isPartOf\":{\"@id\":\"https:\\\/\\\/artif.com\\\/blog\\\/weihnachtsgruesse-und-ausblick-auf-2019.html\"},\"author\":{\"name\":\"Andreas Brus\",\"@id\":\"https:\\\/\\\/artif.com\\\/blog\\\/#\\\/schema\\\/person\\\/23ac7b0aacd4a4c89b1961e28dd37c0a\"},\"headline\":\"Weihnachtsgr\u00fc\u00dfe und Ausblick auf 2019\",\"datePublished\":\"2018-12-19T13:56:22+00:00\",\"dateModified\":\"2021-06-24T10:03:39+00:00\",\"mainEntityOfPage\":{\"@id\":\"https:\\\/\\\/artif.com\\\/blog\\\/weihnachtsgruesse-und-ausblick-auf-2019.html\"},\"wordCount\":171,\"commentCount\":0,\"publisher\":{\"@id\":\"https:\\\/\\\/artif.com\\\/blog\\\/#organization\"},\"image\":{\"@id\":\"https:\\\/\\\/artif.com\\\/blog\\\/weihnachtsgruesse-und-ausblick-auf-2019.html#primaryimage\"},\"thumbnailUrl\":\"https:\\\/\\\/artif.com\\\/blog\\\/wp-content\\\/uploads\\\/2018\\\/12\\\/headerbild-300x139.jpg\",\"keywords\":[\"2019\",\"Weihnacht\"],\"inLanguage\":\"de\",\"potentialAction\":[{\"@type\":\"CommentAction\",\"name\":\"Comment\",\"target\":[\"https:\\\/\\\/artif.com\\\/blog\\\/weihnachtsgruesse-und-ausblick-auf-2019.html#respond\"]}]},{\"@type\":\"WebPage\",\"@id\":\"https:\\\/\\\/artif.com\\\/blog\\\/weihnachtsgruesse-und-ausblick-auf-2019.html\",\"url\":\"https:\\\/\\\/artif.com\\\/blog\\\/weihnachtsgruesse-und-ausblick-auf-2019.html\",\"name\":\"Weihnachtsgr\u00fc\u00dfe und Ausblick auf 2019 - Blog artif T\u00fcbingen\",\"isPartOf\":{\"@id\":\"https:\\\/\\\/artif.com\\\/blog\\\/#website\"},\"primaryImageOfPage\":{\"@id\":\"https:\\\/\\\/artif.com\\\/blog\\\/weihnachtsgruesse-und-ausblick-auf-2019.html#primaryimage\"},\"image\":{\"@id\":\"https:\\\/\\\/artif.com\\\/blog\\\/weihnachtsgruesse-und-ausblick-auf-2019.html#primaryimage\"},\"thumbnailUrl\":\"https:\\\/\\\/artif.com\\\/blog\\\/wp-content\\\/uploads\\\/2018\\\/12\\\/headerbild-300x139.jpg\",\"datePublished\":\"2018-12-19T13:56:22+00:00\",\"dateModified\":\"2021-06-24T10:03:39+00:00\",\"breadcrumb\":{\"@id\":\"https:\\\/\\\/artif.com\\\/blog\\\/weihnachtsgruesse-und-ausblick-auf-2019.html#breadcrumb\"},\"inLanguage\":\"de\",\"potentialAction\":[{\"@type\":\"ReadAction\",\"target\":[\"https:\\\/\\\/artif.com\\\/blog\\\/weihnachtsgruesse-und-ausblick-auf-2019.html\"]}]},{\"@type\":\"ImageObject\",\"inLanguage\":\"de\",\"@id\":\"https:\\\/\\\/artif.com\\\/blog\\\/weihnachtsgruesse-und-ausblick-auf-2019.html#primaryimage\",\"url\":\"https:\\\/\\\/artif.com\\\/blog\\\/wp-content\\\/uploads\\\/2018\\\/12\\\/headerbild.jpg\",\"contentUrl\":\"https:\\\/\\\/artif.com\\\/blog\\\/wp-content\\\/uploads\\\/2018\\\/12\\\/headerbild.jpg\",\"width\":685,\"height\":317,\"caption\":\"Arti Weihnachtsbild\"},{\"@type\":\"BreadcrumbList\",\"@id\":\"https:\\\/\\\/artif.com\\\/blog\\\/weihnachtsgruesse-und-ausblick-auf-2019.html#breadcrumb\",\"itemListElement\":[{\"@type\":\"ListItem\",\"position\":1,\"name\":\"Startseite\",\"item\":\"https:\\\/\\\/artif.com\\\/blog\"},{\"@type\":\"ListItem\",\"position\":2,\"name\":\"Weihnachtsgr\u00fc\u00dfe und Ausblick auf 2019\"}]},{\"@type\":\"WebSite\",\"@id\":\"https:\\\/\\\/artif.com\\\/blog\\\/#website\",\"url\":\"https:\\\/\\\/artif.com\\\/blog\\\/\",\"name\":\"Blog artif T\u00fcbingen\",\"description\":\"Blog von artif aus T\u00fcbingen: Internetagentur, Webdesign und TYPO3 von den Web Experts f\u00fcr Internet und Intranet aus T\u00fcbingen.\",\"publisher\":{\"@id\":\"https:\\\/\\\/artif.com\\\/blog\\\/#organization\"},\"potentialAction\":[{\"@type\":\"SearchAction\",\"target\":{\"@type\":\"EntryPoint\",\"urlTemplate\":\"https:\\\/\\\/artif.com\\\/blog\\\/?s={search_term_string}\"},\"query-input\":{\"@type\":\"PropertyValueSpecification\",\"valueRequired\":true,\"valueName\":\"search_term_string\"}}],\"inLanguage\":\"de\"},{\"@type\":\"Organization\",\"@id\":\"https:\\\/\\\/artif.com\\\/blog\\\/#organization\",\"name\":\"artif T\u00fcbingen\",\"url\":\"https:\\\/\\\/artif.com\\\/blog\\\/\",\"logo\":{\"@type\":\"ImageObject\",\"inLanguage\":\"de\",\"@id\":\"https:\\\/\\\/artif.com\\\/blog\\\/#\\\/schema\\\/logo\\\/image\\\/\",\"url\":\"https:\\\/\\\/artif.com\\\/blog\\\/wp-content\\\/uploads\\\/2021\\\/03\\\/logo-artif-cs5_rgb.png\",\"contentUrl\":\"https:\\\/\\\/artif.com\\\/blog\\\/wp-content\\\/uploads\\\/2021\\\/03\\\/logo-artif-cs5_rgb.png\",\"width\":1902,\"height\":528,\"caption\":\"artif T\u00fcbingen\"},\"image\":{\"@id\":\"https:\\\/\\\/artif.com\\\/blog\\\/#\\\/schema\\\/logo\\\/image\\\/\"},\"sameAs\":[\"https:\\\/\\\/www.facebook.com\\\/pages\\\/TYPO3-Agentur-artif-Gmbh-Co-KG\\\/101490748200\",\"https:\\\/\\\/x.com\\\/artifcom\"]},{\"@type\":\"Person\",\"@id\":\"https:\\\/\\\/artif.com\\\/blog\\\/#\\\/schema\\\/person\\\/23ac7b0aacd4a4c89b1961e28dd37c0a\",\"name\":\"Andreas Brus\",\"image\":{\"@type\":\"ImageObject\",\"inLanguage\":\"de\",\"@id\":\"https:\\\/\\\/secure.gravatar.com\\\/avatar\\\/e1d9a4c933975d228f04533e41539195768e3917e60c27e2697f409c38d90d5f?s=96&d=identicon&r=g\",\"url\":\"https:\\\/\\\/secure.gravatar.com\\\/avatar\\\/e1d9a4c933975d228f04533e41539195768e3917e60c27e2697f409c38d90d5f?s=96&d=identicon&r=g\",\"contentUrl\":\"https:\\\/\\\/secure.gravatar.com\\\/avatar\\\/e1d9a4c933975d228f04533e41539195768e3917e60c27e2697f409c38d90d5f?s=96&d=identicon&r=g\",\"caption\":\"Andreas Brus\"},\"sameAs\":[\"https:\\\/\\\/artif.com\\\/\"]}]}<\/script>\n<!-- \/ Yoast SEO plugin. -->","yoast_head_json":{"title":"Weihnachtsgr\u00fc\u00dfe und Ausblick auf 2019 - Blog artif T\u00fcbingen","robots":{"index":"index","follow":"follow","max-snippet":"max-snippet:-1","max-image-preview":"max-image-preview:large","max-video-preview":"max-video-preview:-1"},"canonical":"https:\/\/artif.com\/blog\/weihnachtsgruesse-und-ausblick-auf-2019.html","og_locale":"de_DE","og_type":"article","og_title":"Weihnachtsgr\u00fc\u00dfe und Ausblick auf 2019 - Blog artif T\u00fcbingen","og_description":"Liebe Kundschaft, liebe&nbsp;Lieferanten, kaum hatte das Jahr begonnen, sind schon wieder zw\u00f6lf Monate ins Land gegangen. Die artif GmbH &amp; Co. KG war auch 2018 wieder sehr rege in Angelegenheiten ihrer Kundinnen und Kunden unterwegs. Das gro\u00dfe, nach au\u00dfen sichtbare Highlight war unser Umzug in die Alexanderstra\u00dfe 65 in T\u00fcbingen. Nun k\u00f6nnen wir Ihnen geb\u00fchrenfreie... Allgemein Weiterlesen","og_url":"https:\/\/artif.com\/blog\/weihnachtsgruesse-und-ausblick-auf-2019.html","og_site_name":"Blog artif T\u00fcbingen","article_publisher":"https:\/\/www.facebook.com\/pages\/TYPO3-Agentur-artif-Gmbh-Co-KG\/101490748200","article_published_time":"2018-12-19T13:56:22+00:00","article_modified_time":"2021-06-24T10:03:39+00:00","og_image":[{"url":"https:\/\/artif.com\/blog\/wp-content\/uploads\/2018\/12\/headerbild-300x139.jpg","type":"","width":"","height":""}],"author":"Andreas Brus","twitter_card":"summary_large_image","twitter_creator":"@artifcom","twitter_site":"@artifcom","twitter_misc":{"Verfasst von":"Andreas Brus","Gesch\u00e4tzte Lesezeit":"1\u00a0Minute"},"schema":{"@context":"https:\/\/schema.org","@graph":[{"@type":"Article","@id":"https:\/\/artif.com\/blog\/weihnachtsgruesse-und-ausblick-auf-2019.html#article","isPartOf":{"@id":"https:\/\/artif.com\/blog\/weihnachtsgruesse-und-ausblick-auf-2019.html"},"author":{"name":"Andreas Brus","@id":"https:\/\/artif.com\/blog\/#\/schema\/person\/23ac7b0aacd4a4c89b1961e28dd37c0a"},"headline":"Weihnachtsgr\u00fc\u00dfe und Ausblick auf 2019","datePublished":"2018-12-19T13:56:22+00:00","dateModified":"2021-06-24T10:03:39+00:00","mainEntityOfPage":{"@id":"https:\/\/artif.com\/blog\/weihnachtsgruesse-und-ausblick-auf-2019.html"},"wordCount":171,"commentCount":0,"publisher":{"@id":"https:\/\/artif.com\/blog\/#organization"},"image":{"@id":"https:\/\/artif.com\/blog\/weihnachtsgruesse-und-ausblick-auf-2019.html#primaryimage"},"thumbnailUrl":"https:\/\/artif.com\/blog\/wp-content\/uploads\/2018\/12\/headerbild-300x139.jpg","keywords":["2019","Weihnacht"],"inLanguage":"de","potentialAction":[{"@type":"CommentAction","name":"Comment","target":["https:\/\/artif.com\/blog\/weihnachtsgruesse-und-ausblick-auf-2019.html#respond"]}]},{"@type":"WebPage","@id":"https:\/\/artif.com\/blog\/weihnachtsgruesse-und-ausblick-auf-2019.html","url":"https:\/\/artif.com\/blog\/weihnachtsgruesse-und-ausblick-auf-2019.html","name":"Weihnachtsgr\u00fc\u00dfe und Ausblick auf 2019 - Blog artif T\u00fcbingen","isPartOf":{"@id":"https:\/\/artif.com\/blog\/#website"},"primaryImageOfPage":{"@id":"https:\/\/artif.com\/blog\/weihnachtsgruesse-und-ausblick-auf-2019.html#primaryimage"},"image":{"@id":"https:\/\/artif.com\/blog\/weihnachtsgruesse-und-ausblick-auf-2019.html#primaryimage"},"thumbnailUrl":"https:\/\/artif.com\/blog\/wp-content\/uploads\/2018\/12\/headerbild-300x139.jpg","datePublished":"2018-12-19T13:56:22+00:00","dateModified":"2021-06-24T10:03:39+00:00","breadcrumb":{"@id":"https:\/\/artif.com\/blog\/weihnachtsgruesse-und-ausblick-auf-2019.html#breadcrumb"},"inLanguage":"de","potentialAction":[{"@type":"ReadAction","target":["https:\/\/artif.com\/blog\/weihnachtsgruesse-und-ausblick-auf-2019.html"]}]},{"@type":"ImageObject","inLanguage":"de","@id":"https:\/\/artif.com\/blog\/weihnachtsgruesse-und-ausblick-auf-2019.html#primaryimage","url":"https:\/\/artif.com\/blog\/wp-content\/uploads\/2018\/12\/headerbild.jpg","contentUrl":"https:\/\/artif.com\/blog\/wp-content\/uploads\/2018\/12\/headerbild.jpg","width":685,"height":317,"caption":"Arti Weihnachtsbild"},{"@type":"BreadcrumbList","@id":"https:\/\/artif.com\/blog\/weihnachtsgruesse-und-ausblick-auf-2019.html#breadcrumb","itemListElement":[{"@type":"ListItem","position":1,"name":"Startseite","item":"https:\/\/artif.com\/blog"},{"@type":"ListItem","position":2,"name":"Weihnachtsgr\u00fc\u00dfe und Ausblick auf 2019"}]},{"@type":"WebSite","@id":"https:\/\/artif.com\/blog\/#website","url":"https:\/\/artif.com\/blog\/","name":"Blog artif T\u00fcbingen","description":"Blog von artif aus T\u00fcbingen: Internetagentur, Webdesign und TYPO3 von den Web Experts f\u00fcr Internet und Intranet aus T\u00fcbingen.","publisher":{"@id":"https:\/\/artif.com\/blog\/#organization"},"potentialAction":[{"@type":"SearchAction","target":{"@type":"EntryPoint","urlTemplate":"https:\/\/artif.com\/blog\/?s={search_term_string}"},"query-input":{"@type":"PropertyValueSpecification","valueRequired":true,"valueName":"search_term_string"}}],"inLanguage":"de"},{"@type":"Organization","@id":"https:\/\/artif.com\/blog\/#organization","name":"artif T\u00fcbingen","url":"https:\/\/artif.com\/blog\/","logo":{"@type":"ImageObject","inLanguage":"de","@id":"https:\/\/artif.com\/blog\/#\/schema\/logo\/image\/","url":"https:\/\/artif.com\/blog\/wp-content\/uploads\/2021\/03\/logo-artif-cs5_rgb.png","contentUrl":"https:\/\/artif.com\/blog\/wp-content\/uploads\/2021\/03\/logo-artif-cs5_rgb.png","width":1902,"height":528,"caption":"artif T\u00fcbingen"},"image":{"@id":"https:\/\/artif.com\/blog\/#\/schema\/logo\/image\/"},"sameAs":["https:\/\/www.facebook.com\/pages\/TYPO3-Agentur-artif-Gmbh-Co-KG\/101490748200","https:\/\/x.com\/artifcom"]},{"@type":"Person","@id":"https:\/\/artif.com\/blog\/#\/schema\/person\/23ac7b0aacd4a4c89b1961e28dd37c0a","name":"Andreas Brus","image":{"@type":"ImageObject","inLanguage":"de","@id":"https:\/\/secure.gravatar.com\/avatar\/e1d9a4c933975d228f04533e41539195768e3917e60c27e2697f409c38d90d5f?s=96&d=identicon&r=g","url":"https:\/\/secure.gravatar.com\/avatar\/e1d9a4c933975d228f04533e41539195768e3917e60c27e2697f409c38d90d5f?s=96&d=identicon&r=g","contentUrl":"https:\/\/secure.gravatar.com\/avatar\/e1d9a4c933975d228f04533e41539195768e3917e60c27e2697f409c38d90d5f?s=96&d=identicon&r=g","caption":"Andreas Brus"},"sameAs":["https:\/\/artif.com\/"]}]}},"publishpress_future_action":{"enabled":false,"date":"2026-05-02 04:41:53","action":"change-status","newStatus":"draft","terms":[],"taxonomy":"category","extraData":[]},"publishpress_future_workflow_manual_trigger":{"enabledWorkflows":[]},"_links":{"self":[{"href":"https:\/\/artif.com\/blog\/wp-json\/wp\/v2\/posts\/1277","targetHints":{"allow":["GET"]}}],"collection":[{"href":"https:\/\/artif.com\/blog\/wp-json\/wp\/v2\/posts"}],"about":[{"href":"https:\/\/artif.com\/blog\/wp-json\/wp\/v2\/types\/post"}],"author":[{"embeddable":true,"href":"https:\/\/artif.com\/blog\/wp-json\/wp\/v2\/users\/4"}],"replies":[{"embeddable":true,"href":"https:\/\/artif.com\/blog\/wp-json\/wp\/v2\/comments?post=1277"}],"version-history":[{"count":12,"href":"https:\/\/artif.com\/blog\/wp-json\/wp\/v2\/posts\/1277\/revisions"}],"predecessor-version":[{"id":1960,"href":"https:\/\/artif.com\/blog\/wp-json\/wp\/v2\/posts\/1277\/revisions\/1960"}],"wp:attachment":[{"href":"https:\/\/artif.com\/blog\/wp-json\/wp\/v2\/media?parent=1277"}],"wp:term":[{"taxonomy":"category","embeddable":true,"href":"https:\/\/artif.com\/blog\/wp-json\/wp\/v2\/categories?post=1277"},{"taxonomy":"post_tag","embeddable":true,"href":"https:\/\/artif.com\/blog\/wp-json\/wp\/v2\/tags?post=1277"}],"curies":[{"name":"wp","href":"https:\/\/api.w.org\/{rel}","templated":true}]}}