{"id":1227,"date":"2018-05-30T15:33:29","date_gmt":"2018-05-30T13:33:29","guid":{"rendered":"https:\/\/artif.com\/blog\/?p=1227"},"modified":"2018-05-30T15:33:29","modified_gmt":"2018-05-30T13:33:29","slug":"neue-hardware-versionen-starface-pro-v6-und-starface-compact-v3","status":"publish","type":"post","link":"https:\/\/artif.com\/blog\/neue-hardware-versionen-starface-pro-v6-und-starface-compact-v3.html","title":{"rendered":"Neue Hardware Versionen: STARFACE Pro V6 und STARFACE Compact V3"},"content":{"rendered":"<p><img loading=\"lazy\" decoding=\"async\" class=\"size-full wp-image-1228 alignleft\" src=\"https:\/\/artif.com\/blog\/wp-content\/uploads\/2018\/05\/sf-2011-logo.png\" alt=\"\" width=\"277\" height=\"94\" \/>Ab sofort sind die brandneuen STARFACE Pro V6 und STARFACE Compact V3 Appliances erh\u00e4ltlich.<\/p>\n<p>Die neuen Versionen bieten durch eine neue CPU einen deutlichen Leistungssprung, um f\u00fcr alle Aufgaben der Zukunft gewappnet zu sein. Es gibt wesentlich mehr Performance, neue Funktionen, Opus-Codec usw. Der Arbeitsspeicher wurde auf 2GB aufgestockt und die Schnittstellen wurden auf USB 3.0 Ports aktualisiert.<\/p>\n<p>Bis zum 30.06.2018 werden beide Appliances zum Einf\u00fchrungspreis angeboten, d.h zum gleichen Preis wie die jeweiligen bisherigen Versionen. Sichern Sie sich jetzt die neuen Versionen. <a href=\"https:\/\/artif.com\/fussnote\/kontakt.html\">Kontaktieren Sie uns.<\/a><\/p>\n","protected":false},"excerpt":{"rendered":"<p>Ab sofort sind die brandneuen STARFACE Pro V6 und STARFACE Compact V3 Appliances erh\u00e4ltlich. Die neuen Versionen bieten durch eine neue CPU einen deutlichen Leistungssprung, um f\u00fcr alle Aufgaben der Zukunft gewappnet zu sein. Es gibt wesentlich mehr Performance, neue Funktionen, Opus-Codec usw. Der Arbeitsspeicher wurde auf 2GB aufgestockt und die Schnittstellen wurden auf USB&#8230;<\/p>\n<p><span class=\"hidden-desktop article_mobileCategory\"><a href=\"https:\/\/artif.com\/blog\/category\/allgemein\" title=\"Alle Artikel in Allgemein\"><span class=\"hidden-desktop articleCategory_icon icon-allgemein\"><\/span> Allgemein<\/a><\/span><a class=\"article_moreLink\" href=\"https:\/\/artif.com\/blog\/neue-hardware-versionen-starface-pro-v6-und-starface-compact-v3.html\" aria-label=\"Weiterlesen: Neue Hardware Versionen: STARFACE Pro V6 und STARFACE Compact V3\"><span class=\"icon icon-readmore\"><\/span> Weiterlesen<\/a><\/p>\n","protected":false},"author":4,"featured_media":1228,"comment_status":"open","ping_status":"open","sticky":false,"template":"","format":"standard","meta":{"footnotes":""},"categories":[1],"tags":[45,10],"class_list":["post-1227","post","type-post","status-publish","format-standard","has-post-thumbnail","hentry","category-allgemein","tag-starface","tag-voip"],"yoast_head":"<!-- This site is optimized with the Yoast SEO plugin v27.5 - https:\/\/yoast.com\/product\/yoast-seo-wordpress\/ -->\n<title>Neue Hardware Versionen: STARFACE Pro V6 und STARFACE Compact V3 - Blog artif T\u00fcbingen<\/title>\n<meta name=\"robots\" content=\"index, follow, max-snippet:-1, max-image-preview:large, max-video-preview:-1\" \/>\n<link rel=\"canonical\" href=\"https:\/\/artif.com\/blog\/neue-hardware-versionen-starface-pro-v6-und-starface-compact-v3.html\" \/>\n<meta property=\"og:locale\" content=\"de_DE\" \/>\n<meta property=\"og:type\" content=\"article\" \/>\n<meta property=\"og:title\" content=\"Neue Hardware Versionen: STARFACE Pro V6 und STARFACE Compact V3 - Blog artif T\u00fcbingen\" \/>\n<meta property=\"og:description\" content=\"Ab sofort sind die brandneuen STARFACE Pro V6 und STARFACE Compact V3 Appliances erh\u00e4ltlich. Die neuen Versionen bieten durch eine neue CPU einen deutlichen Leistungssprung, um f\u00fcr alle Aufgaben der Zukunft gewappnet zu sein. Es gibt wesentlich mehr Performance, neue Funktionen, Opus-Codec usw. Der Arbeitsspeicher wurde auf 2GB aufgestockt und die Schnittstellen wurden auf USB... Allgemein Weiterlesen\" \/>\n<meta property=\"og:url\" content=\"https:\/\/artif.com\/blog\/neue-hardware-versionen-starface-pro-v6-und-starface-compact-v3.html\" \/>\n<meta property=\"og:site_name\" content=\"Blog artif T\u00fcbingen\" \/>\n<meta property=\"article:publisher\" content=\"https:\/\/www.facebook.com\/pages\/TYPO3-Agentur-artif-Gmbh-Co-KG\/101490748200\" \/>\n<meta property=\"article:published_time\" content=\"2018-05-30T13:33:29+00:00\" \/>\n<meta property=\"og:image\" content=\"https:\/\/artif.com\/blog\/wp-content\/uploads\/2018\/05\/sf-2011-logo.png\" \/>\n\t<meta property=\"og:image:width\" content=\"277\" \/>\n\t<meta property=\"og:image:height\" content=\"94\" \/>\n\t<meta property=\"og:image:type\" content=\"image\/png\" \/>\n<meta name=\"author\" content=\"Andreas Brus\" \/>\n<meta name=\"twitter:card\" content=\"summary_large_image\" \/>\n<meta name=\"twitter:creator\" content=\"@artifcom\" \/>\n<meta name=\"twitter:site\" content=\"@artifcom\" \/>\n<meta name=\"twitter:label1\" content=\"Verfasst von\" \/>\n\t<meta name=\"twitter:data1\" content=\"Andreas Brus\" \/>\n<script type=\"application\/ld+json\" class=\"yoast-schema-graph\">{\"@context\":\"https:\\\/\\\/schema.org\",\"@graph\":[{\"@type\":\"Article\",\"@id\":\"https:\\\/\\\/artif.com\\\/blog\\\/neue-hardware-versionen-starface-pro-v6-und-starface-compact-v3.html#article\",\"isPartOf\":{\"@id\":\"https:\\\/\\\/artif.com\\\/blog\\\/neue-hardware-versionen-starface-pro-v6-und-starface-compact-v3.html\"},\"author\":{\"name\":\"Andreas Brus\",\"@id\":\"https:\\\/\\\/artif.com\\\/blog\\\/#\\\/schema\\\/person\\\/23ac7b0aacd4a4c89b1961e28dd37c0a\"},\"headline\":\"Neue Hardware Versionen: STARFACE Pro V6 und STARFACE Compact V3\",\"datePublished\":\"2018-05-30T13:33:29+00:00\",\"mainEntityOfPage\":{\"@id\":\"https:\\\/\\\/artif.com\\\/blog\\\/neue-hardware-versionen-starface-pro-v6-und-starface-compact-v3.html\"},\"wordCount\":98,\"commentCount\":0,\"publisher\":{\"@id\":\"https:\\\/\\\/artif.com\\\/blog\\\/#organization\"},\"image\":{\"@id\":\"https:\\\/\\\/artif.com\\\/blog\\\/neue-hardware-versionen-starface-pro-v6-und-starface-compact-v3.html#primaryimage\"},\"thumbnailUrl\":\"https:\\\/\\\/artif.com\\\/blog\\\/wp-content\\\/uploads\\\/2018\\\/05\\\/sf-2011-logo.png\",\"keywords\":[\"Starface\",\"VOIP\"],\"inLanguage\":\"de\",\"potentialAction\":[{\"@type\":\"CommentAction\",\"name\":\"Comment\",\"target\":[\"https:\\\/\\\/artif.com\\\/blog\\\/neue-hardware-versionen-starface-pro-v6-und-starface-compact-v3.html#respond\"]}]},{\"@type\":\"WebPage\",\"@id\":\"https:\\\/\\\/artif.com\\\/blog\\\/neue-hardware-versionen-starface-pro-v6-und-starface-compact-v3.html\",\"url\":\"https:\\\/\\\/artif.com\\\/blog\\\/neue-hardware-versionen-starface-pro-v6-und-starface-compact-v3.html\",\"name\":\"Neue Hardware Versionen: STARFACE Pro V6 und STARFACE Compact V3 - Blog artif T\u00fcbingen\",\"isPartOf\":{\"@id\":\"https:\\\/\\\/artif.com\\\/blog\\\/#website\"},\"primaryImageOfPage\":{\"@id\":\"https:\\\/\\\/artif.com\\\/blog\\\/neue-hardware-versionen-starface-pro-v6-und-starface-compact-v3.html#primaryimage\"},\"image\":{\"@id\":\"https:\\\/\\\/artif.com\\\/blog\\\/neue-hardware-versionen-starface-pro-v6-und-starface-compact-v3.html#primaryimage\"},\"thumbnailUrl\":\"https:\\\/\\\/artif.com\\\/blog\\\/wp-content\\\/uploads\\\/2018\\\/05\\\/sf-2011-logo.png\",\"datePublished\":\"2018-05-30T13:33:29+00:00\",\"breadcrumb\":{\"@id\":\"https:\\\/\\\/artif.com\\\/blog\\\/neue-hardware-versionen-starface-pro-v6-und-starface-compact-v3.html#breadcrumb\"},\"inLanguage\":\"de\",\"potentialAction\":[{\"@type\":\"ReadAction\",\"target\":[\"https:\\\/\\\/artif.com\\\/blog\\\/neue-hardware-versionen-starface-pro-v6-und-starface-compact-v3.html\"]}]},{\"@type\":\"ImageObject\",\"inLanguage\":\"de\",\"@id\":\"https:\\\/\\\/artif.com\\\/blog\\\/neue-hardware-versionen-starface-pro-v6-und-starface-compact-v3.html#primaryimage\",\"url\":\"https:\\\/\\\/artif.com\\\/blog\\\/wp-content\\\/uploads\\\/2018\\\/05\\\/sf-2011-logo.png\",\"contentUrl\":\"https:\\\/\\\/artif.com\\\/blog\\\/wp-content\\\/uploads\\\/2018\\\/05\\\/sf-2011-logo.png\",\"width\":277,\"height\":94,\"caption\":\"STARFACE Logo\"},{\"@type\":\"BreadcrumbList\",\"@id\":\"https:\\\/\\\/artif.com\\\/blog\\\/neue-hardware-versionen-starface-pro-v6-und-starface-compact-v3.html#breadcrumb\",\"itemListElement\":[{\"@type\":\"ListItem\",\"position\":1,\"name\":\"Startseite\",\"item\":\"https:\\\/\\\/artif.com\\\/blog\"},{\"@type\":\"ListItem\",\"position\":2,\"name\":\"Neue Hardware Versionen: STARFACE Pro V6 und STARFACE Compact V3\"}]},{\"@type\":\"WebSite\",\"@id\":\"https:\\\/\\\/artif.com\\\/blog\\\/#website\",\"url\":\"https:\\\/\\\/artif.com\\\/blog\\\/\",\"name\":\"Blog artif T\u00fcbingen\",\"description\":\"Blog von artif aus T\u00fcbingen: Internetagentur, Webdesign und TYPO3 von den Web Experts f\u00fcr Internet und Intranet aus T\u00fcbingen.\",\"publisher\":{\"@id\":\"https:\\\/\\\/artif.com\\\/blog\\\/#organization\"},\"potentialAction\":[{\"@type\":\"SearchAction\",\"target\":{\"@type\":\"EntryPoint\",\"urlTemplate\":\"https:\\\/\\\/artif.com\\\/blog\\\/?s={search_term_string}\"},\"query-input\":{\"@type\":\"PropertyValueSpecification\",\"valueRequired\":true,\"valueName\":\"search_term_string\"}}],\"inLanguage\":\"de\"},{\"@type\":\"Organization\",\"@id\":\"https:\\\/\\\/artif.com\\\/blog\\\/#organization\",\"name\":\"artif T\u00fcbingen\",\"url\":\"https:\\\/\\\/artif.com\\\/blog\\\/\",\"logo\":{\"@type\":\"ImageObject\",\"inLanguage\":\"de\",\"@id\":\"https:\\\/\\\/artif.com\\\/blog\\\/#\\\/schema\\\/logo\\\/image\\\/\",\"url\":\"https:\\\/\\\/artif.com\\\/blog\\\/wp-content\\\/uploads\\\/2021\\\/03\\\/logo-artif-cs5_rgb.png\",\"contentUrl\":\"https:\\\/\\\/artif.com\\\/blog\\\/wp-content\\\/uploads\\\/2021\\\/03\\\/logo-artif-cs5_rgb.png\",\"width\":1902,\"height\":528,\"caption\":\"artif T\u00fcbingen\"},\"image\":{\"@id\":\"https:\\\/\\\/artif.com\\\/blog\\\/#\\\/schema\\\/logo\\\/image\\\/\"},\"sameAs\":[\"https:\\\/\\\/www.facebook.com\\\/pages\\\/TYPO3-Agentur-artif-Gmbh-Co-KG\\\/101490748200\",\"https:\\\/\\\/x.com\\\/artifcom\"]},{\"@type\":\"Person\",\"@id\":\"https:\\\/\\\/artif.com\\\/blog\\\/#\\\/schema\\\/person\\\/23ac7b0aacd4a4c89b1961e28dd37c0a\",\"name\":\"Andreas Brus\",\"image\":{\"@type\":\"ImageObject\",\"inLanguage\":\"de\",\"@id\":\"https:\\\/\\\/secure.gravatar.com\\\/avatar\\\/e1d9a4c933975d228f04533e41539195768e3917e60c27e2697f409c38d90d5f?s=96&d=identicon&r=g\",\"url\":\"https:\\\/\\\/secure.gravatar.com\\\/avatar\\\/e1d9a4c933975d228f04533e41539195768e3917e60c27e2697f409c38d90d5f?s=96&d=identicon&r=g\",\"contentUrl\":\"https:\\\/\\\/secure.gravatar.com\\\/avatar\\\/e1d9a4c933975d228f04533e41539195768e3917e60c27e2697f409c38d90d5f?s=96&d=identicon&r=g\",\"caption\":\"Andreas Brus\"},\"sameAs\":[\"https:\\\/\\\/artif.com\\\/\"]}]}<\/script>\n<!-- \/ Yoast SEO plugin. -->","yoast_head_json":{"title":"Neue Hardware Versionen: STARFACE Pro V6 und STARFACE Compact V3 - Blog artif T\u00fcbingen","robots":{"index":"index","follow":"follow","max-snippet":"max-snippet:-1","max-image-preview":"max-image-preview:large","max-video-preview":"max-video-preview:-1"},"canonical":"https:\/\/artif.com\/blog\/neue-hardware-versionen-starface-pro-v6-und-starface-compact-v3.html","og_locale":"de_DE","og_type":"article","og_title":"Neue Hardware Versionen: STARFACE Pro V6 und STARFACE Compact V3 - Blog artif T\u00fcbingen","og_description":"Ab sofort sind die brandneuen STARFACE Pro V6 und STARFACE Compact V3 Appliances erh\u00e4ltlich. Die neuen Versionen bieten durch eine neue CPU einen deutlichen Leistungssprung, um f\u00fcr alle Aufgaben der Zukunft gewappnet zu sein. Es gibt wesentlich mehr Performance, neue Funktionen, Opus-Codec usw. Der Arbeitsspeicher wurde auf 2GB aufgestockt und die Schnittstellen wurden auf USB... Allgemein Weiterlesen","og_url":"https:\/\/artif.com\/blog\/neue-hardware-versionen-starface-pro-v6-und-starface-compact-v3.html","og_site_name":"Blog artif T\u00fcbingen","article_publisher":"https:\/\/www.facebook.com\/pages\/TYPO3-Agentur-artif-Gmbh-Co-KG\/101490748200","article_published_time":"2018-05-30T13:33:29+00:00","og_image":[{"width":277,"height":94,"url":"https:\/\/artif.com\/blog\/wp-content\/uploads\/2018\/05\/sf-2011-logo.png","type":"image\/png"}],"author":"Andreas Brus","twitter_card":"summary_large_image","twitter_creator":"@artifcom","twitter_site":"@artifcom","twitter_misc":{"Verfasst von":"Andreas Brus"},"schema":{"@context":"https:\/\/schema.org","@graph":[{"@type":"Article","@id":"https:\/\/artif.com\/blog\/neue-hardware-versionen-starface-pro-v6-und-starface-compact-v3.html#article","isPartOf":{"@id":"https:\/\/artif.com\/blog\/neue-hardware-versionen-starface-pro-v6-und-starface-compact-v3.html"},"author":{"name":"Andreas Brus","@id":"https:\/\/artif.com\/blog\/#\/schema\/person\/23ac7b0aacd4a4c89b1961e28dd37c0a"},"headline":"Neue Hardware Versionen: STARFACE Pro V6 und STARFACE Compact V3","datePublished":"2018-05-30T13:33:29+00:00","mainEntityOfPage":{"@id":"https:\/\/artif.com\/blog\/neue-hardware-versionen-starface-pro-v6-und-starface-compact-v3.html"},"wordCount":98,"commentCount":0,"publisher":{"@id":"https:\/\/artif.com\/blog\/#organization"},"image":{"@id":"https:\/\/artif.com\/blog\/neue-hardware-versionen-starface-pro-v6-und-starface-compact-v3.html#primaryimage"},"thumbnailUrl":"https:\/\/artif.com\/blog\/wp-content\/uploads\/2018\/05\/sf-2011-logo.png","keywords":["Starface","VOIP"],"inLanguage":"de","potentialAction":[{"@type":"CommentAction","name":"Comment","target":["https:\/\/artif.com\/blog\/neue-hardware-versionen-starface-pro-v6-und-starface-compact-v3.html#respond"]}]},{"@type":"WebPage","@id":"https:\/\/artif.com\/blog\/neue-hardware-versionen-starface-pro-v6-und-starface-compact-v3.html","url":"https:\/\/artif.com\/blog\/neue-hardware-versionen-starface-pro-v6-und-starface-compact-v3.html","name":"Neue Hardware Versionen: STARFACE Pro V6 und STARFACE Compact V3 - Blog artif T\u00fcbingen","isPartOf":{"@id":"https:\/\/artif.com\/blog\/#website"},"primaryImageOfPage":{"@id":"https:\/\/artif.com\/blog\/neue-hardware-versionen-starface-pro-v6-und-starface-compact-v3.html#primaryimage"},"image":{"@id":"https:\/\/artif.com\/blog\/neue-hardware-versionen-starface-pro-v6-und-starface-compact-v3.html#primaryimage"},"thumbnailUrl":"https:\/\/artif.com\/blog\/wp-content\/uploads\/2018\/05\/sf-2011-logo.png","datePublished":"2018-05-30T13:33:29+00:00","breadcrumb":{"@id":"https:\/\/artif.com\/blog\/neue-hardware-versionen-starface-pro-v6-und-starface-compact-v3.html#breadcrumb"},"inLanguage":"de","potentialAction":[{"@type":"ReadAction","target":["https:\/\/artif.com\/blog\/neue-hardware-versionen-starface-pro-v6-und-starface-compact-v3.html"]}]},{"@type":"ImageObject","inLanguage":"de","@id":"https:\/\/artif.com\/blog\/neue-hardware-versionen-starface-pro-v6-und-starface-compact-v3.html#primaryimage","url":"https:\/\/artif.com\/blog\/wp-content\/uploads\/2018\/05\/sf-2011-logo.png","contentUrl":"https:\/\/artif.com\/blog\/wp-content\/uploads\/2018\/05\/sf-2011-logo.png","width":277,"height":94,"caption":"STARFACE Logo"},{"@type":"BreadcrumbList","@id":"https:\/\/artif.com\/blog\/neue-hardware-versionen-starface-pro-v6-und-starface-compact-v3.html#breadcrumb","itemListElement":[{"@type":"ListItem","position":1,"name":"Startseite","item":"https:\/\/artif.com\/blog"},{"@type":"ListItem","position":2,"name":"Neue Hardware Versionen: STARFACE Pro V6 und STARFACE Compact V3"}]},{"@type":"WebSite","@id":"https:\/\/artif.com\/blog\/#website","url":"https:\/\/artif.com\/blog\/","name":"Blog artif T\u00fcbingen","description":"Blog von artif aus T\u00fcbingen: Internetagentur, Webdesign und TYPO3 von den Web Experts f\u00fcr Internet und Intranet aus T\u00fcbingen.","publisher":{"@id":"https:\/\/artif.com\/blog\/#organization"},"potentialAction":[{"@type":"SearchAction","target":{"@type":"EntryPoint","urlTemplate":"https:\/\/artif.com\/blog\/?s={search_term_string}"},"query-input":{"@type":"PropertyValueSpecification","valueRequired":true,"valueName":"search_term_string"}}],"inLanguage":"de"},{"@type":"Organization","@id":"https:\/\/artif.com\/blog\/#organization","name":"artif T\u00fcbingen","url":"https:\/\/artif.com\/blog\/","logo":{"@type":"ImageObject","inLanguage":"de","@id":"https:\/\/artif.com\/blog\/#\/schema\/logo\/image\/","url":"https:\/\/artif.com\/blog\/wp-content\/uploads\/2021\/03\/logo-artif-cs5_rgb.png","contentUrl":"https:\/\/artif.com\/blog\/wp-content\/uploads\/2021\/03\/logo-artif-cs5_rgb.png","width":1902,"height":528,"caption":"artif T\u00fcbingen"},"image":{"@id":"https:\/\/artif.com\/blog\/#\/schema\/logo\/image\/"},"sameAs":["https:\/\/www.facebook.com\/pages\/TYPO3-Agentur-artif-Gmbh-Co-KG\/101490748200","https:\/\/x.com\/artifcom"]},{"@type":"Person","@id":"https:\/\/artif.com\/blog\/#\/schema\/person\/23ac7b0aacd4a4c89b1961e28dd37c0a","name":"Andreas Brus","image":{"@type":"ImageObject","inLanguage":"de","@id":"https:\/\/secure.gravatar.com\/avatar\/e1d9a4c933975d228f04533e41539195768e3917e60c27e2697f409c38d90d5f?s=96&d=identicon&r=g","url":"https:\/\/secure.gravatar.com\/avatar\/e1d9a4c933975d228f04533e41539195768e3917e60c27e2697f409c38d90d5f?s=96&d=identicon&r=g","contentUrl":"https:\/\/secure.gravatar.com\/avatar\/e1d9a4c933975d228f04533e41539195768e3917e60c27e2697f409c38d90d5f?s=96&d=identicon&r=g","caption":"Andreas Brus"},"sameAs":["https:\/\/artif.com\/"]}]}},"publishpress_future_action":{"enabled":false,"date":"2026-05-01 20:26:32","action":"change-status","newStatus":"draft","terms":[],"taxonomy":"category","extraData":[]},"publishpress_future_workflow_manual_trigger":{"enabledWorkflows":[]},"_links":{"self":[{"href":"https:\/\/artif.com\/blog\/wp-json\/wp\/v2\/posts\/1227","targetHints":{"allow":["GET"]}}],"collection":[{"href":"https:\/\/artif.com\/blog\/wp-json\/wp\/v2\/posts"}],"about":[{"href":"https:\/\/artif.com\/blog\/wp-json\/wp\/v2\/types\/post"}],"author":[{"embeddable":true,"href":"https:\/\/artif.com\/blog\/wp-json\/wp\/v2\/users\/4"}],"replies":[{"embeddable":true,"href":"https:\/\/artif.com\/blog\/wp-json\/wp\/v2\/comments?post=1227"}],"version-history":[{"count":3,"href":"https:\/\/artif.com\/blog\/wp-json\/wp\/v2\/posts\/1227\/revisions"}],"predecessor-version":[{"id":1233,"href":"https:\/\/artif.com\/blog\/wp-json\/wp\/v2\/posts\/1227\/revisions\/1233"}],"wp:featuredmedia":[{"embeddable":true,"href":"https:\/\/artif.com\/blog\/wp-json\/wp\/v2\/media\/1228"}],"wp:attachment":[{"href":"https:\/\/artif.com\/blog\/wp-json\/wp\/v2\/media?parent=1227"}],"wp:term":[{"taxonomy":"category","embeddable":true,"href":"https:\/\/artif.com\/blog\/wp-json\/wp\/v2\/categories?post=1227"},{"taxonomy":"post_tag","embeddable":true,"href":"https:\/\/artif.com\/blog\/wp-json\/wp\/v2\/tags?post=1227"}],"curies":[{"name":"wp","href":"https:\/\/api.w.org\/{rel}","templated":true}]}}