{"id":1054,"date":"2018-02-16T14:39:09","date_gmt":"2018-02-16T13:39:09","guid":{"rendered":"https:\/\/artif.com\/blog\/?p=1054"},"modified":"2026-04-02T09:12:22","modified_gmt":"2026-04-02T07:12:22","slug":"technik-akademie-tuebingen-2018-bei-artif","status":"publish","type":"post","link":"https:\/\/artif.com\/blog\/technik-akademie-tuebingen-2018-bei-artif.html","title":{"rendered":"Technik-Akademie T\u00fcbingen 2018 bei uns"},"content":{"rendered":"<p><img loading=\"lazy\" decoding=\"async\" class=\"size-medium wp-image-1055 alignleft\" src=\"https:\/\/artif.com\/blog\/wp-content\/uploads\/2018\/02\/Gruppenbild-artif-300x201.jpg\" alt=\"\" width=\"300\" height=\"201\" srcset=\"https:\/\/artif.com\/blog\/wp-content\/uploads\/2018\/02\/Gruppenbild-artif-300x201.jpg 300w, https:\/\/artif.com\/blog\/wp-content\/uploads\/2018\/02\/Gruppenbild-artif-768x514.jpg 768w, https:\/\/artif.com\/blog\/wp-content\/uploads\/2018\/02\/Gruppenbild-artif-1024x685.jpg 1024w\" sizes=\"auto, (max-width: 300px) 100vw, 300px\" \/>Auch dieses Jahr war eine Gruppe der Technik-Akademie bei artif zu Besuch. Das nette artif-Team half uns bei der Entwicklung und Produktion unserer eigenen Website, die wir mit WordPress erstellten. Zudem h\u00f6rten wir einen informativen Vortrag von dem Azubi Shalom Anyula \u00fcber die Firma artif und den Ausbildungsberuf als Mediengestalter an. Au\u00dferdem bekamen wir zwei sehr spannende Vortr\u00e4ge \u00fcber das Internet und speziell \u00fcber die Suchmaschine Google von dem Gesch\u00e4ftsf\u00fchrer Herrn Brus vorgetragen. Anschlie\u00dfend hatten wir noch gen\u00fcgend Zeit Fragen zu stellen, die er uns verst\u00e4ndlich und mit viel Geduld beantwortete.<\/p>\n<p>Es waren sehr informative und lustige Tage.<\/p>\n<p>Wir bedanken uns ganz herzlich bei der Firma artif und insbesondere bei Herrn Brus und Herrn Anyula!<\/p>\n","protected":false},"excerpt":{"rendered":"<p>Auch dieses Jahr war eine Gruppe der Technik-Akademie bei artif zu Besuch. Das nette artif-Team half uns bei der Entwicklung und Produktion unserer eigenen Website, die wir mit WordPress erstellten. Zudem h\u00f6rten wir einen informativen Vortrag von dem Azubi Shalom Anyula \u00fcber die Firma artif und den Ausbildungsberuf als Mediengestalter an. Au\u00dferdem bekamen wir zwei&#8230;<\/p>\n<p><span class=\"hidden-desktop article_mobileCategory\"><a href=\"https:\/\/artif.com\/blog\/category\/allgemein\" title=\"Alle Artikel in Allgemein\"><span class=\"hidden-desktop articleCategory_icon icon-allgemein\"><\/span> Allgemein<\/a><\/span><a class=\"article_moreLink\" href=\"https:\/\/artif.com\/blog\/technik-akademie-tuebingen-2018-bei-artif.html\" aria-label=\"Weiterlesen: Technik-Akademie T\u00fcbingen 2018 bei uns\"><span class=\"icon icon-readmore\"><\/span> Weiterlesen<\/a><\/p>\n","protected":false},"author":4,"featured_media":1055,"comment_status":"open","ping_status":"open","sticky":false,"template":"","format":"standard","meta":{"footnotes":""},"categories":[1],"tags":[14,9,38],"class_list":["post-1054","post","type-post","status-publish","format-standard","has-post-thumbnail","hentry","category-allgemein","tag-artif","tag-tuebingen","tag-wordpress"],"yoast_head":"<!-- This site is optimized with the Yoast SEO plugin v27.5 - https:\/\/yoast.com\/product\/yoast-seo-wordpress\/ -->\n<title>Technik-Akademie T\u00fcbingen 2018 bei uns - Blog artif T\u00fcbingen<\/title>\n<meta name=\"robots\" content=\"index, follow, max-snippet:-1, max-image-preview:large, max-video-preview:-1\" \/>\n<link rel=\"canonical\" href=\"https:\/\/artif.com\/blog\/technik-akademie-tuebingen-2018-bei-artif.html\" \/>\n<meta property=\"og:locale\" content=\"de_DE\" \/>\n<meta property=\"og:type\" content=\"article\" \/>\n<meta property=\"og:title\" content=\"Technik-Akademie T\u00fcbingen 2018 bei uns - Blog artif T\u00fcbingen\" \/>\n<meta property=\"og:description\" content=\"Auch dieses Jahr war eine Gruppe der Technik-Akademie bei artif zu Besuch. Das nette artif-Team half uns bei der Entwicklung und Produktion unserer eigenen Website, die wir mit WordPress erstellten. Zudem h\u00f6rten wir einen informativen Vortrag von dem Azubi Shalom Anyula \u00fcber die Firma artif und den Ausbildungsberuf als Mediengestalter an. Au\u00dferdem bekamen wir zwei... Allgemein Weiterlesen\" \/>\n<meta property=\"og:url\" content=\"https:\/\/artif.com\/blog\/technik-akademie-tuebingen-2018-bei-artif.html\" \/>\n<meta property=\"og:site_name\" content=\"Blog artif T\u00fcbingen\" \/>\n<meta property=\"article:publisher\" content=\"https:\/\/www.facebook.com\/pages\/TYPO3-Agentur-artif-Gmbh-Co-KG\/101490748200\" \/>\n<meta property=\"article:published_time\" content=\"2018-02-16T13:39:09+00:00\" \/>\n<meta property=\"article:modified_time\" content=\"2026-04-02T07:12:22+00:00\" \/>\n<meta property=\"og:image\" content=\"https:\/\/artif.com\/blog\/wp-content\/uploads\/2018\/02\/Gruppenbild-artif-1024x685.jpg\" \/>\n\t<meta property=\"og:image:width\" content=\"1024\" \/>\n\t<meta property=\"og:image:height\" content=\"685\" \/>\n\t<meta property=\"og:image:type\" content=\"image\/jpeg\" \/>\n<meta name=\"author\" content=\"Andreas Brus\" \/>\n<meta name=\"twitter:card\" content=\"summary_large_image\" \/>\n<meta name=\"twitter:creator\" content=\"@artifcom\" \/>\n<meta name=\"twitter:site\" content=\"@artifcom\" \/>\n<meta name=\"twitter:label1\" content=\"Verfasst von\" \/>\n\t<meta name=\"twitter:data1\" content=\"Andreas Brus\" \/>\n\t<meta name=\"twitter:label2\" content=\"Gesch\u00e4tzte Lesezeit\" \/>\n\t<meta name=\"twitter:data2\" content=\"2\u00a0Minuten\" \/>\n<script type=\"application\/ld+json\" class=\"yoast-schema-graph\">{\"@context\":\"https:\\\/\\\/schema.org\",\"@graph\":[{\"@type\":\"Article\",\"@id\":\"https:\\\/\\\/artif.com\\\/blog\\\/technik-akademie-tuebingen-2018-bei-artif.html#article\",\"isPartOf\":{\"@id\":\"https:\\\/\\\/artif.com\\\/blog\\\/technik-akademie-tuebingen-2018-bei-artif.html\"},\"author\":{\"name\":\"Andreas Brus\",\"@id\":\"https:\\\/\\\/artif.com\\\/blog\\\/#\\\/schema\\\/person\\\/23ac7b0aacd4a4c89b1961e28dd37c0a\"},\"headline\":\"Technik-Akademie T\u00fcbingen 2018 bei uns\",\"datePublished\":\"2018-02-16T13:39:09+00:00\",\"dateModified\":\"2026-04-02T07:12:22+00:00\",\"mainEntityOfPage\":{\"@id\":\"https:\\\/\\\/artif.com\\\/blog\\\/technik-akademie-tuebingen-2018-bei-artif.html\"},\"wordCount\":128,\"commentCount\":0,\"publisher\":{\"@id\":\"https:\\\/\\\/artif.com\\\/blog\\\/#organization\"},\"image\":{\"@id\":\"https:\\\/\\\/artif.com\\\/blog\\\/technik-akademie-tuebingen-2018-bei-artif.html#primaryimage\"},\"thumbnailUrl\":\"https:\\\/\\\/artif.com\\\/blog\\\/wp-content\\\/uploads\\\/2018\\\/02\\\/Gruppenbild-artif.jpg\",\"keywords\":[\"artif\",\"T\u00fcbingen\",\"WordPress\"],\"inLanguage\":\"de\",\"potentialAction\":[{\"@type\":\"CommentAction\",\"name\":\"Comment\",\"target\":[\"https:\\\/\\\/artif.com\\\/blog\\\/technik-akademie-tuebingen-2018-bei-artif.html#respond\"]}]},{\"@type\":\"WebPage\",\"@id\":\"https:\\\/\\\/artif.com\\\/blog\\\/technik-akademie-tuebingen-2018-bei-artif.html\",\"url\":\"https:\\\/\\\/artif.com\\\/blog\\\/technik-akademie-tuebingen-2018-bei-artif.html\",\"name\":\"Technik-Akademie T\u00fcbingen 2018 bei uns - Blog artif T\u00fcbingen\",\"isPartOf\":{\"@id\":\"https:\\\/\\\/artif.com\\\/blog\\\/#website\"},\"primaryImageOfPage\":{\"@id\":\"https:\\\/\\\/artif.com\\\/blog\\\/technik-akademie-tuebingen-2018-bei-artif.html#primaryimage\"},\"image\":{\"@id\":\"https:\\\/\\\/artif.com\\\/blog\\\/technik-akademie-tuebingen-2018-bei-artif.html#primaryimage\"},\"thumbnailUrl\":\"https:\\\/\\\/artif.com\\\/blog\\\/wp-content\\\/uploads\\\/2018\\\/02\\\/Gruppenbild-artif.jpg\",\"datePublished\":\"2018-02-16T13:39:09+00:00\",\"dateModified\":\"2026-04-02T07:12:22+00:00\",\"breadcrumb\":{\"@id\":\"https:\\\/\\\/artif.com\\\/blog\\\/technik-akademie-tuebingen-2018-bei-artif.html#breadcrumb\"},\"inLanguage\":\"de\",\"potentialAction\":[{\"@type\":\"ReadAction\",\"target\":[\"https:\\\/\\\/artif.com\\\/blog\\\/technik-akademie-tuebingen-2018-bei-artif.html\"]}]},{\"@type\":\"ImageObject\",\"inLanguage\":\"de\",\"@id\":\"https:\\\/\\\/artif.com\\\/blog\\\/technik-akademie-tuebingen-2018-bei-artif.html#primaryimage\",\"url\":\"https:\\\/\\\/artif.com\\\/blog\\\/wp-content\\\/uploads\\\/2018\\\/02\\\/Gruppenbild-artif.jpg\",\"contentUrl\":\"https:\\\/\\\/artif.com\\\/blog\\\/wp-content\\\/uploads\\\/2018\\\/02\\\/Gruppenbild-artif.jpg\",\"width\":3872,\"height\":2592,\"caption\":\"Technik-Akademie Team 2018\"},{\"@type\":\"BreadcrumbList\",\"@id\":\"https:\\\/\\\/artif.com\\\/blog\\\/technik-akademie-tuebingen-2018-bei-artif.html#breadcrumb\",\"itemListElement\":[{\"@type\":\"ListItem\",\"position\":1,\"name\":\"Startseite\",\"item\":\"https:\\\/\\\/artif.com\\\/blog\"},{\"@type\":\"ListItem\",\"position\":2,\"name\":\"Technik-Akademie T\u00fcbingen 2018 bei uns\"}]},{\"@type\":\"WebSite\",\"@id\":\"https:\\\/\\\/artif.com\\\/blog\\\/#website\",\"url\":\"https:\\\/\\\/artif.com\\\/blog\\\/\",\"name\":\"Blog artif T\u00fcbingen\",\"description\":\"Blog von artif aus T\u00fcbingen: Internetagentur, Webdesign und TYPO3 von den Web Experts f\u00fcr Internet und Intranet aus T\u00fcbingen.\",\"publisher\":{\"@id\":\"https:\\\/\\\/artif.com\\\/blog\\\/#organization\"},\"potentialAction\":[{\"@type\":\"SearchAction\",\"target\":{\"@type\":\"EntryPoint\",\"urlTemplate\":\"https:\\\/\\\/artif.com\\\/blog\\\/?s={search_term_string}\"},\"query-input\":{\"@type\":\"PropertyValueSpecification\",\"valueRequired\":true,\"valueName\":\"search_term_string\"}}],\"inLanguage\":\"de\"},{\"@type\":\"Organization\",\"@id\":\"https:\\\/\\\/artif.com\\\/blog\\\/#organization\",\"name\":\"artif T\u00fcbingen\",\"url\":\"https:\\\/\\\/artif.com\\\/blog\\\/\",\"logo\":{\"@type\":\"ImageObject\",\"inLanguage\":\"de\",\"@id\":\"https:\\\/\\\/artif.com\\\/blog\\\/#\\\/schema\\\/logo\\\/image\\\/\",\"url\":\"https:\\\/\\\/artif.com\\\/blog\\\/wp-content\\\/uploads\\\/2021\\\/03\\\/logo-artif-cs5_rgb.png\",\"contentUrl\":\"https:\\\/\\\/artif.com\\\/blog\\\/wp-content\\\/uploads\\\/2021\\\/03\\\/logo-artif-cs5_rgb.png\",\"width\":1902,\"height\":528,\"caption\":\"artif T\u00fcbingen\"},\"image\":{\"@id\":\"https:\\\/\\\/artif.com\\\/blog\\\/#\\\/schema\\\/logo\\\/image\\\/\"},\"sameAs\":[\"https:\\\/\\\/www.facebook.com\\\/pages\\\/TYPO3-Agentur-artif-Gmbh-Co-KG\\\/101490748200\",\"https:\\\/\\\/x.com\\\/artifcom\"]},{\"@type\":\"Person\",\"@id\":\"https:\\\/\\\/artif.com\\\/blog\\\/#\\\/schema\\\/person\\\/23ac7b0aacd4a4c89b1961e28dd37c0a\",\"name\":\"Andreas Brus\",\"image\":{\"@type\":\"ImageObject\",\"inLanguage\":\"de\",\"@id\":\"https:\\\/\\\/secure.gravatar.com\\\/avatar\\\/e1d9a4c933975d228f04533e41539195768e3917e60c27e2697f409c38d90d5f?s=96&d=identicon&r=g\",\"url\":\"https:\\\/\\\/secure.gravatar.com\\\/avatar\\\/e1d9a4c933975d228f04533e41539195768e3917e60c27e2697f409c38d90d5f?s=96&d=identicon&r=g\",\"contentUrl\":\"https:\\\/\\\/secure.gravatar.com\\\/avatar\\\/e1d9a4c933975d228f04533e41539195768e3917e60c27e2697f409c38d90d5f?s=96&d=identicon&r=g\",\"caption\":\"Andreas Brus\"},\"sameAs\":[\"https:\\\/\\\/artif.com\\\/\"]}]}<\/script>\n<!-- \/ Yoast SEO plugin. -->","yoast_head_json":{"title":"Technik-Akademie T\u00fcbingen 2018 bei uns - Blog artif T\u00fcbingen","robots":{"index":"index","follow":"follow","max-snippet":"max-snippet:-1","max-image-preview":"max-image-preview:large","max-video-preview":"max-video-preview:-1"},"canonical":"https:\/\/artif.com\/blog\/technik-akademie-tuebingen-2018-bei-artif.html","og_locale":"de_DE","og_type":"article","og_title":"Technik-Akademie T\u00fcbingen 2018 bei uns - Blog artif T\u00fcbingen","og_description":"Auch dieses Jahr war eine Gruppe der Technik-Akademie bei artif zu Besuch. Das nette artif-Team half uns bei der Entwicklung und Produktion unserer eigenen Website, die wir mit WordPress erstellten. Zudem h\u00f6rten wir einen informativen Vortrag von dem Azubi Shalom Anyula \u00fcber die Firma artif und den Ausbildungsberuf als Mediengestalter an. Au\u00dferdem bekamen wir zwei... Allgemein Weiterlesen","og_url":"https:\/\/artif.com\/blog\/technik-akademie-tuebingen-2018-bei-artif.html","og_site_name":"Blog artif T\u00fcbingen","article_publisher":"https:\/\/www.facebook.com\/pages\/TYPO3-Agentur-artif-Gmbh-Co-KG\/101490748200","article_published_time":"2018-02-16T13:39:09+00:00","article_modified_time":"2026-04-02T07:12:22+00:00","og_image":[{"width":1024,"height":685,"url":"https:\/\/artif.com\/blog\/wp-content\/uploads\/2018\/02\/Gruppenbild-artif-1024x685.jpg","type":"image\/jpeg"}],"author":"Andreas Brus","twitter_card":"summary_large_image","twitter_creator":"@artifcom","twitter_site":"@artifcom","twitter_misc":{"Verfasst von":"Andreas Brus","Gesch\u00e4tzte Lesezeit":"2\u00a0Minuten"},"schema":{"@context":"https:\/\/schema.org","@graph":[{"@type":"Article","@id":"https:\/\/artif.com\/blog\/technik-akademie-tuebingen-2018-bei-artif.html#article","isPartOf":{"@id":"https:\/\/artif.com\/blog\/technik-akademie-tuebingen-2018-bei-artif.html"},"author":{"name":"Andreas Brus","@id":"https:\/\/artif.com\/blog\/#\/schema\/person\/23ac7b0aacd4a4c89b1961e28dd37c0a"},"headline":"Technik-Akademie T\u00fcbingen 2018 bei uns","datePublished":"2018-02-16T13:39:09+00:00","dateModified":"2026-04-02T07:12:22+00:00","mainEntityOfPage":{"@id":"https:\/\/artif.com\/blog\/technik-akademie-tuebingen-2018-bei-artif.html"},"wordCount":128,"commentCount":0,"publisher":{"@id":"https:\/\/artif.com\/blog\/#organization"},"image":{"@id":"https:\/\/artif.com\/blog\/technik-akademie-tuebingen-2018-bei-artif.html#primaryimage"},"thumbnailUrl":"https:\/\/artif.com\/blog\/wp-content\/uploads\/2018\/02\/Gruppenbild-artif.jpg","keywords":["artif","T\u00fcbingen","WordPress"],"inLanguage":"de","potentialAction":[{"@type":"CommentAction","name":"Comment","target":["https:\/\/artif.com\/blog\/technik-akademie-tuebingen-2018-bei-artif.html#respond"]}]},{"@type":"WebPage","@id":"https:\/\/artif.com\/blog\/technik-akademie-tuebingen-2018-bei-artif.html","url":"https:\/\/artif.com\/blog\/technik-akademie-tuebingen-2018-bei-artif.html","name":"Technik-Akademie T\u00fcbingen 2018 bei uns - Blog artif T\u00fcbingen","isPartOf":{"@id":"https:\/\/artif.com\/blog\/#website"},"primaryImageOfPage":{"@id":"https:\/\/artif.com\/blog\/technik-akademie-tuebingen-2018-bei-artif.html#primaryimage"},"image":{"@id":"https:\/\/artif.com\/blog\/technik-akademie-tuebingen-2018-bei-artif.html#primaryimage"},"thumbnailUrl":"https:\/\/artif.com\/blog\/wp-content\/uploads\/2018\/02\/Gruppenbild-artif.jpg","datePublished":"2018-02-16T13:39:09+00:00","dateModified":"2026-04-02T07:12:22+00:00","breadcrumb":{"@id":"https:\/\/artif.com\/blog\/technik-akademie-tuebingen-2018-bei-artif.html#breadcrumb"},"inLanguage":"de","potentialAction":[{"@type":"ReadAction","target":["https:\/\/artif.com\/blog\/technik-akademie-tuebingen-2018-bei-artif.html"]}]},{"@type":"ImageObject","inLanguage":"de","@id":"https:\/\/artif.com\/blog\/technik-akademie-tuebingen-2018-bei-artif.html#primaryimage","url":"https:\/\/artif.com\/blog\/wp-content\/uploads\/2018\/02\/Gruppenbild-artif.jpg","contentUrl":"https:\/\/artif.com\/blog\/wp-content\/uploads\/2018\/02\/Gruppenbild-artif.jpg","width":3872,"height":2592,"caption":"Technik-Akademie Team 2018"},{"@type":"BreadcrumbList","@id":"https:\/\/artif.com\/blog\/technik-akademie-tuebingen-2018-bei-artif.html#breadcrumb","itemListElement":[{"@type":"ListItem","position":1,"name":"Startseite","item":"https:\/\/artif.com\/blog"},{"@type":"ListItem","position":2,"name":"Technik-Akademie T\u00fcbingen 2018 bei uns"}]},{"@type":"WebSite","@id":"https:\/\/artif.com\/blog\/#website","url":"https:\/\/artif.com\/blog\/","name":"Blog artif T\u00fcbingen","description":"Blog von artif aus T\u00fcbingen: Internetagentur, Webdesign und TYPO3 von den Web Experts f\u00fcr Internet und Intranet aus T\u00fcbingen.","publisher":{"@id":"https:\/\/artif.com\/blog\/#organization"},"potentialAction":[{"@type":"SearchAction","target":{"@type":"EntryPoint","urlTemplate":"https:\/\/artif.com\/blog\/?s={search_term_string}"},"query-input":{"@type":"PropertyValueSpecification","valueRequired":true,"valueName":"search_term_string"}}],"inLanguage":"de"},{"@type":"Organization","@id":"https:\/\/artif.com\/blog\/#organization","name":"artif T\u00fcbingen","url":"https:\/\/artif.com\/blog\/","logo":{"@type":"ImageObject","inLanguage":"de","@id":"https:\/\/artif.com\/blog\/#\/schema\/logo\/image\/","url":"https:\/\/artif.com\/blog\/wp-content\/uploads\/2021\/03\/logo-artif-cs5_rgb.png","contentUrl":"https:\/\/artif.com\/blog\/wp-content\/uploads\/2021\/03\/logo-artif-cs5_rgb.png","width":1902,"height":528,"caption":"artif T\u00fcbingen"},"image":{"@id":"https:\/\/artif.com\/blog\/#\/schema\/logo\/image\/"},"sameAs":["https:\/\/www.facebook.com\/pages\/TYPO3-Agentur-artif-Gmbh-Co-KG\/101490748200","https:\/\/x.com\/artifcom"]},{"@type":"Person","@id":"https:\/\/artif.com\/blog\/#\/schema\/person\/23ac7b0aacd4a4c89b1961e28dd37c0a","name":"Andreas Brus","image":{"@type":"ImageObject","inLanguage":"de","@id":"https:\/\/secure.gravatar.com\/avatar\/e1d9a4c933975d228f04533e41539195768e3917e60c27e2697f409c38d90d5f?s=96&d=identicon&r=g","url":"https:\/\/secure.gravatar.com\/avatar\/e1d9a4c933975d228f04533e41539195768e3917e60c27e2697f409c38d90d5f?s=96&d=identicon&r=g","contentUrl":"https:\/\/secure.gravatar.com\/avatar\/e1d9a4c933975d228f04533e41539195768e3917e60c27e2697f409c38d90d5f?s=96&d=identicon&r=g","caption":"Andreas Brus"},"sameAs":["https:\/\/artif.com\/"]}]}},"publishpress_future_action":{"enabled":false,"date":"2026-05-02 06:28:50","action":"change-status","newStatus":"draft","terms":[],"taxonomy":"category","extraData":[]},"publishpress_future_workflow_manual_trigger":{"enabledWorkflows":[]},"_links":{"self":[{"href":"https:\/\/artif.com\/blog\/wp-json\/wp\/v2\/posts\/1054","targetHints":{"allow":["GET"]}}],"collection":[{"href":"https:\/\/artif.com\/blog\/wp-json\/wp\/v2\/posts"}],"about":[{"href":"https:\/\/artif.com\/blog\/wp-json\/wp\/v2\/types\/post"}],"author":[{"embeddable":true,"href":"https:\/\/artif.com\/blog\/wp-json\/wp\/v2\/users\/4"}],"replies":[{"embeddable":true,"href":"https:\/\/artif.com\/blog\/wp-json\/wp\/v2\/comments?post=1054"}],"version-history":[{"count":3,"href":"https:\/\/artif.com\/blog\/wp-json\/wp\/v2\/posts\/1054\/revisions"}],"predecessor-version":[{"id":2034,"href":"https:\/\/artif.com\/blog\/wp-json\/wp\/v2\/posts\/1054\/revisions\/2034"}],"wp:featuredmedia":[{"embeddable":true,"href":"https:\/\/artif.com\/blog\/wp-json\/wp\/v2\/media\/1055"}],"wp:attachment":[{"href":"https:\/\/artif.com\/blog\/wp-json\/wp\/v2\/media?parent=1054"}],"wp:term":[{"taxonomy":"category","embeddable":true,"href":"https:\/\/artif.com\/blog\/wp-json\/wp\/v2\/categories?post=1054"},{"taxonomy":"post_tag","embeddable":true,"href":"https:\/\/artif.com\/blog\/wp-json\/wp\/v2\/tags?post=1054"}],"curies":[{"name":"wp","href":"https:\/\/api.w.org\/{rel}","templated":true}]}}